{"id":3794,"date":"2021-05-07T16:58:13","date_gmt":"2021-05-07T14:58:13","guid":{"rendered":"https:\/\/new.kjt.lu\/rapport-annuel\/"},"modified":"2021-05-20T11:26:24","modified_gmt":"2021-05-20T09:26:24","slug":"rapport-annuel","status":"publish","type":"post","link":"https:\/\/www.kjt.lu\/fr\/rapport-annuel\/","title":{"rendered":"Rapport annuel"},"content":{"rendered":"<p>Nous sommes tr\u00e8s heureux de vous pr\u00e9senter notre <strong>rapport annuel 2020<\/strong>.<\/p>\n<p>Il donne un aper\u00e7u de la situation des enfants et des jeunes au Luxembourg qui cherchent de l&rsquo;aide aupr\u00e8s du KJT (Kanner-Jugendtelefon).<\/p>\n<p>Depuis mars 2020, la pand\u00e9mie corona affecte la vie des enfants, des jeunes et des familles, et bien s\u00fbr le KJT. Les faits montrent que les enfants et les jeunes connaissent des niveaux de stress croissants et que leur bien-\u00eatre mental est consid\u00e9rablement affect\u00e9 par la poursuite de la pand\u00e9mie.<\/p>\n<p>Le rapport annuel montre qu&rsquo;en 2020, les facteurs de stress sont nombreux dans la vie des enfants et des adolescents, ce qui conduit de plus en plus souvent \u00e0 des situations de crise dans lesquelles une orientation et aussi une aide professionnelle sont n\u00e9cessaires. Nous sommes ici un maillon important dans l&rsquo;effort inlassable pour maintenir le lien avec les jeunes en crise. Souvent, nous avons pu trouver des moyens concrets de les aider.<\/p>\n<p>Vous trouverez des faits et des chiffres sur ces facteurs, les questions qui ont mobilis\u00e9 les enfants et les jeunes et les situations de crise qu&rsquo;ils ont d\u00fb surmonter dans notre rapport annuel 2020, soit en ligne (<a href=\"https:\/\/www.kjt.lu\/wp-content\/uploads\/2021\/05\/KJT-Annual-Report-2020-final.pdf\" target=\"_blank\" rel=\"noopener\">t\u00e9l\u00e9chargement PDF<\/a>), soit en version imprim\u00e9e (commande <a href=\"https:\/\/www.kjt.lu\/contact\/?lang=fr\">ici<\/a>).<\/p>\n<p>Nous vous souhaitons une bonne lecture et vous remercions de votre soutien et de votre coop\u00e9ration.<\/p>\n<p>Avez-vous l&rsquo;opportunit\u00e9 de soutenir les enfants et les jeunes en leur faisant d\u00e9couvrir les services du KJT ? Si tel est le cas, nos ambassadeurs seraient ravis d&rsquo;\u00eatre invit\u00e9s et de pr\u00e9senter le KJT aux enfants.<\/p>\n<p>Veuillez utiliser ce <a href=\"https:\/\/www.kjt.lu\/contact\/?lang=fr\">formulaire de contact<\/a>.<\/p>\n","protected":false},"excerpt":{"rendered":"<p>Nous sommes tr\u00e8s heureux de vous pr\u00e9senter notre rapport annuel 2020. Il donne un aper\u00e7u de la situation des enfants\u2026<\/p>\n","protected":false},"author":7,"featured_media":3815,"comment_status":"closed","ping_status":"closed","sticky":false,"template":"","format":"standard","meta":{"footnotes":""},"categories":[108],"tags":[208,214,206,212,209,215,213,210,211,207,205,216],"class_list":["post-3794","post","type-post","status-publish","format-standard","has-post-thumbnail","hentry","category-actualites","tag-2020-fr","tag-adolescents","tag-aide","tag-bonheur","tag-chiffres","tag-crise","tag-enfants","tag-faits","tag-pression","tag-rapport-annuel","tag-stress-fr","tag-support"],"yoast_head":"<!-- This site is optimized with the Yoast SEO plugin v25.4 - https:\/\/yoast.com\/wordpress\/plugins\/seo\/ -->\n<title>Rapport annuel | KJT<\/title>\n<meta name=\"description\" content=\"Le rapport annuel 2020 donne un aper\u00e7u de la situation des enfants et des jeunes au Luxembourg qui cherchent de l\u2019aide aupr\u00e8s du KJT (Kanner-Jugendtelefon).\" \/>\n<meta name=\"robots\" content=\"index, follow, max-snippet:-1, max-image-preview:large, max-video-preview:-1\" \/>\n<link rel=\"canonical\" href=\"https:\/\/www.kjt.lu\/fr\/rapport-annuel\/\" \/>\n<meta property=\"og:locale\" content=\"fr_FR\" \/>\n<meta property=\"og:type\" content=\"article\" \/>\n<meta property=\"og:title\" content=\"Rapport annuel | KJT\" \/>\n<meta property=\"og:description\" content=\"Le rapport annuel 2020 donne un aper\u00e7u de la situation des enfants et des jeunes au Luxembourg qui cherchent de l\u2019aide aupr\u00e8s du KJT (Kanner-Jugendtelefon).\" \/>\n<meta property=\"og:url\" content=\"https:\/\/www.kjt.lu\/fr\/rapport-annuel\/\" \/>\n<meta property=\"og:site_name\" content=\"KJT\" \/>\n<meta property=\"article:publisher\" content=\"https:\/\/www.facebook.com\/kannerjugendtelefon\" \/>\n<meta property=\"article:published_time\" content=\"2021-05-07T14:58:13+00:00\" \/>\n<meta property=\"article:modified_time\" content=\"2021-05-20T09:26:24+00:00\" \/>\n<meta property=\"og:image\" content=\"https:\/\/www.kjt.lu\/wp-content\/uploads\/2021\/05\/Jahresbericht2020.png\" \/>\n\t<meta property=\"og:image:width\" content=\"631\" \/>\n\t<meta property=\"og:image:height\" content=\"838\" \/>\n\t<meta property=\"og:image:type\" content=\"image\/png\" \/>\n<meta name=\"author\" content=\"Sally Stephany\" \/>\n<meta name=\"twitter:card\" content=\"summary_large_image\" \/>\n<meta name=\"twitter:label1\" content=\"\u00c9crit par\" \/>\n\t<meta name=\"twitter:data1\" content=\"Sally Stephany\" \/>\n\t<meta name=\"twitter:label2\" content=\"Dur\u00e9e de lecture estim\u00e9e\" \/>\n\t<meta name=\"twitter:data2\" content=\"2 minutes\" \/>\n<script type=\"application\/ld+json\" class=\"yoast-schema-graph\">{\"@context\":\"https:\/\/schema.org\",\"@graph\":[{\"@type\":\"Article\",\"@id\":\"https:\/\/www.kjt.lu\/fr\/rapport-annuel\/#article\",\"isPartOf\":{\"@id\":\"https:\/\/www.kjt.lu\/fr\/rapport-annuel\/\"},\"author\":{\"name\":\"Sally Stephany\",\"@id\":\"https:\/\/www.kjt.lu\/fr\/#\/schema\/person\/5deb0a77f94446bfea40665b95c145e0\"},\"headline\":\"Rapport annuel\",\"datePublished\":\"2021-05-07T14:58:13+00:00\",\"dateModified\":\"2021-05-20T09:26:24+00:00\",\"mainEntityOfPage\":{\"@id\":\"https:\/\/www.kjt.lu\/fr\/rapport-annuel\/\"},\"wordCount\":278,\"publisher\":{\"@id\":\"https:\/\/www.kjt.lu\/fr\/#organization\"},\"image\":{\"@id\":\"https:\/\/www.kjt.lu\/fr\/rapport-annuel\/#primaryimage\"},\"thumbnailUrl\":\"https:\/\/www.kjt.lu\/wp-content\/uploads\/2021\/05\/Jahresbericht2020.png\",\"keywords\":[\"2020\",\"adolescents\",\"aide\",\"bonheur\",\"chiffres\",\"crise\",\"enfants\",\"faits\",\"pression\",\"Rapport annuel\",\"stress\",\"support\"],\"articleSection\":[\"Actualit\u00e9s\"],\"inLanguage\":\"fr-FR\"},{\"@type\":\"WebPage\",\"@id\":\"https:\/\/www.kjt.lu\/fr\/rapport-annuel\/\",\"url\":\"https:\/\/www.kjt.lu\/fr\/rapport-annuel\/\",\"name\":\"Rapport annuel | KJT\",\"isPartOf\":{\"@id\":\"https:\/\/www.kjt.lu\/fr\/#website\"},\"primaryImageOfPage\":{\"@id\":\"https:\/\/www.kjt.lu\/fr\/rapport-annuel\/#primaryimage\"},\"image\":{\"@id\":\"https:\/\/www.kjt.lu\/fr\/rapport-annuel\/#primaryimage\"},\"thumbnailUrl\":\"https:\/\/www.kjt.lu\/wp-content\/uploads\/2021\/05\/Jahresbericht2020.png\",\"datePublished\":\"2021-05-07T14:58:13+00:00\",\"dateModified\":\"2021-05-20T09:26:24+00:00\",\"description\":\"Le rapport annuel 2020 donne un aper\u00e7u de la situation des enfants et des jeunes au Luxembourg qui cherchent de l\u2019aide aupr\u00e8s du KJT (Kanner-Jugendtelefon).\",\"breadcrumb\":{\"@id\":\"https:\/\/www.kjt.lu\/fr\/rapport-annuel\/#breadcrumb\"},\"inLanguage\":\"fr-FR\",\"potentialAction\":[{\"@type\":\"ReadAction\",\"target\":[\"https:\/\/www.kjt.lu\/fr\/rapport-annuel\/\"]}]},{\"@type\":\"ImageObject\",\"inLanguage\":\"fr-FR\",\"@id\":\"https:\/\/www.kjt.lu\/fr\/rapport-annuel\/#primaryimage\",\"url\":\"https:\/\/www.kjt.lu\/wp-content\/uploads\/2021\/05\/Jahresbericht2020.png\",\"contentUrl\":\"https:\/\/www.kjt.lu\/wp-content\/uploads\/2021\/05\/Jahresbericht2020.png\",\"width\":631,\"height\":838},{\"@type\":\"BreadcrumbList\",\"@id\":\"https:\/\/www.kjt.lu\/fr\/rapport-annuel\/#breadcrumb\",\"itemListElement\":[{\"@type\":\"ListItem\",\"position\":1,\"name\":\"Startseite\",\"item\":\"https:\/\/www.kjt.lu\/fr\/\"},{\"@type\":\"ListItem\",\"position\":2,\"name\":\"Rapport annuel\"}]},{\"@type\":\"WebSite\",\"@id\":\"https:\/\/www.kjt.lu\/fr\/#website\",\"url\":\"https:\/\/www.kjt.lu\/fr\/\",\"name\":\"KJT\",\"description\":\"Beratung, Hilfe und Informationen f\u00fcr Kinder und Jugendliche\",\"publisher\":{\"@id\":\"https:\/\/www.kjt.lu\/fr\/#organization\"},\"potentialAction\":[{\"@type\":\"SearchAction\",\"target\":{\"@type\":\"EntryPoint\",\"urlTemplate\":\"https:\/\/www.kjt.lu\/fr\/?s={search_term_string}\"},\"query-input\":{\"@type\":\"PropertyValueSpecification\",\"valueRequired\":true,\"valueName\":\"search_term_string\"}}],\"inLanguage\":\"fr-FR\"},{\"@type\":\"Organization\",\"@id\":\"https:\/\/www.kjt.lu\/fr\/#organization\",\"name\":\"KJT\",\"url\":\"https:\/\/www.kjt.lu\/fr\/\",\"logo\":{\"@type\":\"ImageObject\",\"inLanguage\":\"fr-FR\",\"@id\":\"https:\/\/www.kjt.lu\/fr\/#\/schema\/logo\/image\/\",\"url\":\"https:\/\/www.kjt.lu\/wp-content\/uploads\/2021\/01\/kjt_white_144x61.png\",\"contentUrl\":\"https:\/\/www.kjt.lu\/wp-content\/uploads\/2021\/01\/kjt_white_144x61.png\",\"width\":143,\"height\":61,\"caption\":\"KJT\"},\"image\":{\"@id\":\"https:\/\/www.kjt.lu\/fr\/#\/schema\/logo\/image\/\"},\"sameAs\":[\"https:\/\/www.facebook.com\/kannerjugendtelefon\",\"https:\/\/www.instagram.com\/kannerjugendtelefon\/\"]},{\"@type\":\"Person\",\"@id\":\"https:\/\/www.kjt.lu\/fr\/#\/schema\/person\/5deb0a77f94446bfea40665b95c145e0\",\"name\":\"Sally Stephany\",\"url\":\"https:\/\/www.kjt.lu\/fr\/author\/sstephany\/\"}]}<\/script>\n<!-- \/ Yoast SEO plugin. -->","yoast_head_json":{"title":"Rapport annuel | KJT","description":"Le rapport annuel 2020 donne un aper\u00e7u de la situation des enfants et des jeunes au Luxembourg qui cherchent de l\u2019aide aupr\u00e8s du KJT (Kanner-Jugendtelefon).","robots":{"index":"index","follow":"follow","max-snippet":"max-snippet:-1","max-image-preview":"max-image-preview:large","max-video-preview":"max-video-preview:-1"},"canonical":"https:\/\/www.kjt.lu\/fr\/rapport-annuel\/","og_locale":"fr_FR","og_type":"article","og_title":"Rapport annuel | KJT","og_description":"Le rapport annuel 2020 donne un aper\u00e7u de la situation des enfants et des jeunes au Luxembourg qui cherchent de l\u2019aide aupr\u00e8s du KJT (Kanner-Jugendtelefon).","og_url":"https:\/\/www.kjt.lu\/fr\/rapport-annuel\/","og_site_name":"KJT","article_publisher":"https:\/\/www.facebook.com\/kannerjugendtelefon","article_published_time":"2021-05-07T14:58:13+00:00","article_modified_time":"2021-05-20T09:26:24+00:00","og_image":[{"width":631,"height":838,"url":"https:\/\/www.kjt.lu\/wp-content\/uploads\/2021\/05\/Jahresbericht2020.png","type":"image\/png"}],"author":"Sally Stephany","twitter_card":"summary_large_image","twitter_misc":{"\u00c9crit par":"Sally Stephany","Dur\u00e9e de lecture estim\u00e9e":"2 minutes"},"schema":{"@context":"https:\/\/schema.org","@graph":[{"@type":"Article","@id":"https:\/\/www.kjt.lu\/fr\/rapport-annuel\/#article","isPartOf":{"@id":"https:\/\/www.kjt.lu\/fr\/rapport-annuel\/"},"author":{"name":"Sally Stephany","@id":"https:\/\/www.kjt.lu\/fr\/#\/schema\/person\/5deb0a77f94446bfea40665b95c145e0"},"headline":"Rapport annuel","datePublished":"2021-05-07T14:58:13+00:00","dateModified":"2021-05-20T09:26:24+00:00","mainEntityOfPage":{"@id":"https:\/\/www.kjt.lu\/fr\/rapport-annuel\/"},"wordCount":278,"publisher":{"@id":"https:\/\/www.kjt.lu\/fr\/#organization"},"image":{"@id":"https:\/\/www.kjt.lu\/fr\/rapport-annuel\/#primaryimage"},"thumbnailUrl":"https:\/\/www.kjt.lu\/wp-content\/uploads\/2021\/05\/Jahresbericht2020.png","keywords":["2020","adolescents","aide","bonheur","chiffres","crise","enfants","faits","pression","Rapport annuel","stress","support"],"articleSection":["Actualit\u00e9s"],"inLanguage":"fr-FR"},{"@type":"WebPage","@id":"https:\/\/www.kjt.lu\/fr\/rapport-annuel\/","url":"https:\/\/www.kjt.lu\/fr\/rapport-annuel\/","name":"Rapport annuel | KJT","isPartOf":{"@id":"https:\/\/www.kjt.lu\/fr\/#website"},"primaryImageOfPage":{"@id":"https:\/\/www.kjt.lu\/fr\/rapport-annuel\/#primaryimage"},"image":{"@id":"https:\/\/www.kjt.lu\/fr\/rapport-annuel\/#primaryimage"},"thumbnailUrl":"https:\/\/www.kjt.lu\/wp-content\/uploads\/2021\/05\/Jahresbericht2020.png","datePublished":"2021-05-07T14:58:13+00:00","dateModified":"2021-05-20T09:26:24+00:00","description":"Le rapport annuel 2020 donne un aper\u00e7u de la situation des enfants et des jeunes au Luxembourg qui cherchent de l\u2019aide aupr\u00e8s du KJT (Kanner-Jugendtelefon).","breadcrumb":{"@id":"https:\/\/www.kjt.lu\/fr\/rapport-annuel\/#breadcrumb"},"inLanguage":"fr-FR","potentialAction":[{"@type":"ReadAction","target":["https:\/\/www.kjt.lu\/fr\/rapport-annuel\/"]}]},{"@type":"ImageObject","inLanguage":"fr-FR","@id":"https:\/\/www.kjt.lu\/fr\/rapport-annuel\/#primaryimage","url":"https:\/\/www.kjt.lu\/wp-content\/uploads\/2021\/05\/Jahresbericht2020.png","contentUrl":"https:\/\/www.kjt.lu\/wp-content\/uploads\/2021\/05\/Jahresbericht2020.png","width":631,"height":838},{"@type":"BreadcrumbList","@id":"https:\/\/www.kjt.lu\/fr\/rapport-annuel\/#breadcrumb","itemListElement":[{"@type":"ListItem","position":1,"name":"Startseite","item":"https:\/\/www.kjt.lu\/fr\/"},{"@type":"ListItem","position":2,"name":"Rapport annuel"}]},{"@type":"WebSite","@id":"https:\/\/www.kjt.lu\/fr\/#website","url":"https:\/\/www.kjt.lu\/fr\/","name":"KJT","description":"Beratung, Hilfe und Informationen f\u00fcr Kinder und Jugendliche","publisher":{"@id":"https:\/\/www.kjt.lu\/fr\/#organization"},"potentialAction":[{"@type":"SearchAction","target":{"@type":"EntryPoint","urlTemplate":"https:\/\/www.kjt.lu\/fr\/?s={search_term_string}"},"query-input":{"@type":"PropertyValueSpecification","valueRequired":true,"valueName":"search_term_string"}}],"inLanguage":"fr-FR"},{"@type":"Organization","@id":"https:\/\/www.kjt.lu\/fr\/#organization","name":"KJT","url":"https:\/\/www.kjt.lu\/fr\/","logo":{"@type":"ImageObject","inLanguage":"fr-FR","@id":"https:\/\/www.kjt.lu\/fr\/#\/schema\/logo\/image\/","url":"https:\/\/www.kjt.lu\/wp-content\/uploads\/2021\/01\/kjt_white_144x61.png","contentUrl":"https:\/\/www.kjt.lu\/wp-content\/uploads\/2021\/01\/kjt_white_144x61.png","width":143,"height":61,"caption":"KJT"},"image":{"@id":"https:\/\/www.kjt.lu\/fr\/#\/schema\/logo\/image\/"},"sameAs":["https:\/\/www.facebook.com\/kannerjugendtelefon","https:\/\/www.instagram.com\/kannerjugendtelefon\/"]},{"@type":"Person","@id":"https:\/\/www.kjt.lu\/fr\/#\/schema\/person\/5deb0a77f94446bfea40665b95c145e0","name":"Sally Stephany","url":"https:\/\/www.kjt.lu\/fr\/author\/sstephany\/"}]}},"_links":{"self":[{"href":"https:\/\/www.kjt.lu\/fr\/wp-json\/wp\/v2\/posts\/3794"}],"collection":[{"href":"https:\/\/www.kjt.lu\/fr\/wp-json\/wp\/v2\/posts"}],"about":[{"href":"https:\/\/www.kjt.lu\/fr\/wp-json\/wp\/v2\/types\/post"}],"author":[{"embeddable":true,"href":"https:\/\/www.kjt.lu\/fr\/wp-json\/wp\/v2\/users\/7"}],"replies":[{"embeddable":true,"href":"https:\/\/www.kjt.lu\/fr\/wp-json\/wp\/v2\/comments?post=3794"}],"version-history":[{"count":2,"href":"https:\/\/www.kjt.lu\/fr\/wp-json\/wp\/v2\/posts\/3794\/revisions"}],"predecessor-version":[{"id":5709,"href":"https:\/\/www.kjt.lu\/fr\/wp-json\/wp\/v2\/posts\/3794\/revisions\/5709"}],"wp:featuredmedia":[{"embeddable":true,"href":"https:\/\/www.kjt.lu\/fr\/wp-json\/wp\/v2\/media\/3815"}],"wp:attachment":[{"href":"https:\/\/www.kjt.lu\/fr\/wp-json\/wp\/v2\/media?parent=3794"}],"wp:term":[{"taxonomy":"category","embeddable":true,"href":"https:\/\/www.kjt.lu\/fr\/wp-json\/wp\/v2\/categories?post=3794"},{"taxonomy":"post_tag","embeddable":true,"href":"https:\/\/www.kjt.lu\/fr\/wp-json\/wp\/v2\/tags?post=3794"}],"curies":[{"name":"wp","href":"https:\/\/api.w.org\/{rel}","templated":true}]}}