{"id":15482,"date":"2025-06-12T12:28:51","date_gmt":"2025-06-12T10:28:51","guid":{"rendered":"https:\/\/www.kjt.lu\/?p=15482"},"modified":"2025-06-12T12:28:51","modified_gmt":"2025-06-12T10:28:51","slug":"recherche-de-2-nouveaux-collaborateurs-collaboratrices-m-f-x-2","status":"publish","type":"post","link":"https:\/\/www.kjt.lu\/fr\/recherche-de-2-nouveaux-collaborateurs-collaboratrices-m-f-x-2\/","title":{"rendered":"Recherche de 2 nouveaux collaborateurs\/collaboratrices (m\/f\/x)"},"content":{"rendered":"<p><img decoding=\"async\" class=\"alignnone size-full wp-image-15484\" src=\"https:\/\/www.kjt.lu\/wp-content\/uploads\/2025\/06\/Stellenausschreibung-2-Mitarbeiter-2025-1.png\" alt=\"\" width=\"640\" height=\"753\" srcset=\"https:\/\/www.kjt.lu\/wp-content\/uploads\/2025\/06\/Stellenausschreibung-2-Mitarbeiter-2025-1.png 640w, https:\/\/www.kjt.lu\/wp-content\/uploads\/2025\/06\/Stellenausschreibung-2-Mitarbeiter-2025-1-255x300.png 255w\" sizes=\"(max-width: 640px) 100vw, 640px\" \/><\/p>\n<p><a href=\"https:\/\/app.skeeled.com\/offer\/c\/6841a57ef17a914895fb77dc?show_description=true&amp;language=fr\" target=\"_blank\" rel=\"noopener\">Postuler directement ici<\/a><\/p>\n","protected":false},"excerpt":{"rendered":"<p>Postuler directement ici<\/p>\n","protected":false},"author":3,"featured_media":15051,"comment_status":"closed","ping_status":"closed","sticky":false,"template":"","format":"standard","meta":{"footnotes":""},"categories":[108,110,517],"tags":[518],"class_list":["post-15482","post","type-post","status-publish","format-standard","has-post-thumbnail","hentry","category-actualites","category-nouveautes","category-offre-demploi","tag-offre-demploi"],"yoast_head":"<!-- This site is optimized with the Yoast SEO plugin v25.4 - https:\/\/yoast.com\/wordpress\/plugins\/seo\/ -->\n<title>Recherche de 2 nouveaux collaborateurs\/collaboratrices (m\/f\/x) | KJT<\/title>\n<meta name=\"robots\" content=\"index, follow, max-snippet:-1, max-image-preview:large, max-video-preview:-1\" \/>\n<link rel=\"canonical\" href=\"https:\/\/www.kjt.lu\/fr\/recherche-de-2-nouveaux-collaborateurs-collaboratrices-m-f-x-2\/\" \/>\n<meta property=\"og:locale\" content=\"fr_FR\" \/>\n<meta property=\"og:type\" content=\"article\" \/>\n<meta property=\"og:title\" content=\"Recherche de 2 nouveaux collaborateurs\/collaboratrices (m\/f\/x) | KJT\" \/>\n<meta property=\"og:description\" content=\"Postuler directement ici\" \/>\n<meta property=\"og:url\" content=\"https:\/\/www.kjt.lu\/fr\/recherche-de-2-nouveaux-collaborateurs-collaboratrices-m-f-x-2\/\" \/>\n<meta property=\"og:site_name\" content=\"KJT\" \/>\n<meta property=\"article:publisher\" content=\"https:\/\/www.facebook.com\/kannerjugendtelefon\" \/>\n<meta property=\"article:published_time\" content=\"2025-06-12T10:28:51+00:00\" \/>\n<meta property=\"og:image\" content=\"https:\/\/www.kjt.lu\/wp-content\/uploads\/2022\/11\/Annonce-2-scaled.jpg\" \/>\n\t<meta property=\"og:image:width\" content=\"2560\" \/>\n\t<meta property=\"og:image:height\" content=\"660\" \/>\n\t<meta property=\"og:image:type\" content=\"image\/jpeg\" \/>\n<meta name=\"author\" content=\"Margit Wypchol\" \/>\n<meta name=\"twitter:card\" content=\"summary_large_image\" \/>\n<meta name=\"twitter:label1\" content=\"\u00c9crit par\" \/>\n\t<meta name=\"twitter:data1\" content=\"Margit Wypchol\" \/>\n\t<meta name=\"twitter:label2\" content=\"Dur\u00e9e de lecture estim\u00e9e\" \/>\n\t<meta name=\"twitter:data2\" content=\"1 minute\" \/>\n<script type=\"application\/ld+json\" class=\"yoast-schema-graph\">{\"@context\":\"https:\/\/schema.org\",\"@graph\":[{\"@type\":\"Article\",\"@id\":\"https:\/\/www.kjt.lu\/fr\/recherche-de-2-nouveaux-collaborateurs-collaboratrices-m-f-x-2\/#article\",\"isPartOf\":{\"@id\":\"https:\/\/www.kjt.lu\/fr\/recherche-de-2-nouveaux-collaborateurs-collaboratrices-m-f-x-2\/\"},\"author\":{\"name\":\"Margit Wypchol\",\"@id\":\"https:\/\/www.kjt.lu\/fr\/#\/schema\/person\/373f9194906a96464ebb2b3865e09066\"},\"headline\":\"Recherche de 2 nouveaux collaborateurs\/collaboratrices (m\/f\/x)\",\"datePublished\":\"2025-06-12T10:28:51+00:00\",\"mainEntityOfPage\":{\"@id\":\"https:\/\/www.kjt.lu\/fr\/recherche-de-2-nouveaux-collaborateurs-collaboratrices-m-f-x-2\/\"},\"wordCount\":11,\"publisher\":{\"@id\":\"https:\/\/www.kjt.lu\/fr\/#organization\"},\"image\":{\"@id\":\"https:\/\/www.kjt.lu\/fr\/recherche-de-2-nouveaux-collaborateurs-collaboratrices-m-f-x-2\/#primaryimage\"},\"thumbnailUrl\":\"https:\/\/www.kjt.lu\/wp-content\/uploads\/2022\/11\/Annonce-2-scaled.jpg\",\"keywords\":[\"offre d'emploi\"],\"articleSection\":[\"Actualit\u00e9s\",\"Nouveaut\u00e9s\",\"offre d'emploi\"],\"inLanguage\":\"fr-FR\"},{\"@type\":\"WebPage\",\"@id\":\"https:\/\/www.kjt.lu\/fr\/recherche-de-2-nouveaux-collaborateurs-collaboratrices-m-f-x-2\/\",\"url\":\"https:\/\/www.kjt.lu\/fr\/recherche-de-2-nouveaux-collaborateurs-collaboratrices-m-f-x-2\/\",\"name\":\"Recherche de 2 nouveaux collaborateurs\/collaboratrices (m\/f\/x) | KJT\",\"isPartOf\":{\"@id\":\"https:\/\/www.kjt.lu\/fr\/#website\"},\"primaryImageOfPage\":{\"@id\":\"https:\/\/www.kjt.lu\/fr\/recherche-de-2-nouveaux-collaborateurs-collaboratrices-m-f-x-2\/#primaryimage\"},\"image\":{\"@id\":\"https:\/\/www.kjt.lu\/fr\/recherche-de-2-nouveaux-collaborateurs-collaboratrices-m-f-x-2\/#primaryimage\"},\"thumbnailUrl\":\"https:\/\/www.kjt.lu\/wp-content\/uploads\/2022\/11\/Annonce-2-scaled.jpg\",\"datePublished\":\"2025-06-12T10:28:51+00:00\",\"breadcrumb\":{\"@id\":\"https:\/\/www.kjt.lu\/fr\/recherche-de-2-nouveaux-collaborateurs-collaboratrices-m-f-x-2\/#breadcrumb\"},\"inLanguage\":\"fr-FR\",\"potentialAction\":[{\"@type\":\"ReadAction\",\"target\":[\"https:\/\/www.kjt.lu\/fr\/recherche-de-2-nouveaux-collaborateurs-collaboratrices-m-f-x-2\/\"]}]},{\"@type\":\"ImageObject\",\"inLanguage\":\"fr-FR\",\"@id\":\"https:\/\/www.kjt.lu\/fr\/recherche-de-2-nouveaux-collaborateurs-collaboratrices-m-f-x-2\/#primaryimage\",\"url\":\"https:\/\/www.kjt.lu\/wp-content\/uploads\/2022\/11\/Annonce-2-scaled.jpg\",\"contentUrl\":\"https:\/\/www.kjt.lu\/wp-content\/uploads\/2022\/11\/Annonce-2-scaled.jpg\",\"width\":2560,\"height\":660},{\"@type\":\"BreadcrumbList\",\"@id\":\"https:\/\/www.kjt.lu\/fr\/recherche-de-2-nouveaux-collaborateurs-collaboratrices-m-f-x-2\/#breadcrumb\",\"itemListElement\":[{\"@type\":\"ListItem\",\"position\":1,\"name\":\"Startseite\",\"item\":\"https:\/\/www.kjt.lu\/fr\/\"},{\"@type\":\"ListItem\",\"position\":2,\"name\":\"Recherche de 2 nouveaux collaborateurs\/collaboratrices (m\/f\/x)\"}]},{\"@type\":\"WebSite\",\"@id\":\"https:\/\/www.kjt.lu\/fr\/#website\",\"url\":\"https:\/\/www.kjt.lu\/fr\/\",\"name\":\"KJT\",\"description\":\"Beratung, Hilfe und Informationen f\u00fcr Kinder und Jugendliche\",\"publisher\":{\"@id\":\"https:\/\/www.kjt.lu\/fr\/#organization\"},\"potentialAction\":[{\"@type\":\"SearchAction\",\"target\":{\"@type\":\"EntryPoint\",\"urlTemplate\":\"https:\/\/www.kjt.lu\/fr\/?s={search_term_string}\"},\"query-input\":{\"@type\":\"PropertyValueSpecification\",\"valueRequired\":true,\"valueName\":\"search_term_string\"}}],\"inLanguage\":\"fr-FR\"},{\"@type\":\"Organization\",\"@id\":\"https:\/\/www.kjt.lu\/fr\/#organization\",\"name\":\"KJT\",\"url\":\"https:\/\/www.kjt.lu\/fr\/\",\"logo\":{\"@type\":\"ImageObject\",\"inLanguage\":\"fr-FR\",\"@id\":\"https:\/\/www.kjt.lu\/fr\/#\/schema\/logo\/image\/\",\"url\":\"https:\/\/www.kjt.lu\/wp-content\/uploads\/2021\/01\/kjt_white_144x61.png\",\"contentUrl\":\"https:\/\/www.kjt.lu\/wp-content\/uploads\/2021\/01\/kjt_white_144x61.png\",\"width\":143,\"height\":61,\"caption\":\"KJT\"},\"image\":{\"@id\":\"https:\/\/www.kjt.lu\/fr\/#\/schema\/logo\/image\/\"},\"sameAs\":[\"https:\/\/www.facebook.com\/kannerjugendtelefon\",\"https:\/\/www.instagram.com\/kannerjugendtelefon\/\"]},{\"@type\":\"Person\",\"@id\":\"https:\/\/www.kjt.lu\/fr\/#\/schema\/person\/373f9194906a96464ebb2b3865e09066\",\"name\":\"Margit Wypchol\",\"url\":\"https:\/\/www.kjt.lu\/fr\/author\/mwypchol\/\"}]}<\/script>\n<!-- \/ Yoast SEO plugin. -->","yoast_head_json":{"title":"Recherche de 2 nouveaux collaborateurs\/collaboratrices (m\/f\/x) | KJT","robots":{"index":"index","follow":"follow","max-snippet":"max-snippet:-1","max-image-preview":"max-image-preview:large","max-video-preview":"max-video-preview:-1"},"canonical":"https:\/\/www.kjt.lu\/fr\/recherche-de-2-nouveaux-collaborateurs-collaboratrices-m-f-x-2\/","og_locale":"fr_FR","og_type":"article","og_title":"Recherche de 2 nouveaux collaborateurs\/collaboratrices (m\/f\/x) | KJT","og_description":"Postuler directement ici","og_url":"https:\/\/www.kjt.lu\/fr\/recherche-de-2-nouveaux-collaborateurs-collaboratrices-m-f-x-2\/","og_site_name":"KJT","article_publisher":"https:\/\/www.facebook.com\/kannerjugendtelefon","article_published_time":"2025-06-12T10:28:51+00:00","og_image":[{"width":2560,"height":660,"url":"https:\/\/www.kjt.lu\/wp-content\/uploads\/2022\/11\/Annonce-2-scaled.jpg","type":"image\/jpeg"}],"author":"Margit Wypchol","twitter_card":"summary_large_image","twitter_misc":{"\u00c9crit par":"Margit Wypchol","Dur\u00e9e de lecture estim\u00e9e":"1 minute"},"schema":{"@context":"https:\/\/schema.org","@graph":[{"@type":"Article","@id":"https:\/\/www.kjt.lu\/fr\/recherche-de-2-nouveaux-collaborateurs-collaboratrices-m-f-x-2\/#article","isPartOf":{"@id":"https:\/\/www.kjt.lu\/fr\/recherche-de-2-nouveaux-collaborateurs-collaboratrices-m-f-x-2\/"},"author":{"name":"Margit Wypchol","@id":"https:\/\/www.kjt.lu\/fr\/#\/schema\/person\/373f9194906a96464ebb2b3865e09066"},"headline":"Recherche de 2 nouveaux collaborateurs\/collaboratrices (m\/f\/x)","datePublished":"2025-06-12T10:28:51+00:00","mainEntityOfPage":{"@id":"https:\/\/www.kjt.lu\/fr\/recherche-de-2-nouveaux-collaborateurs-collaboratrices-m-f-x-2\/"},"wordCount":11,"publisher":{"@id":"https:\/\/www.kjt.lu\/fr\/#organization"},"image":{"@id":"https:\/\/www.kjt.lu\/fr\/recherche-de-2-nouveaux-collaborateurs-collaboratrices-m-f-x-2\/#primaryimage"},"thumbnailUrl":"https:\/\/www.kjt.lu\/wp-content\/uploads\/2022\/11\/Annonce-2-scaled.jpg","keywords":["offre d'emploi"],"articleSection":["Actualit\u00e9s","Nouveaut\u00e9s","offre d'emploi"],"inLanguage":"fr-FR"},{"@type":"WebPage","@id":"https:\/\/www.kjt.lu\/fr\/recherche-de-2-nouveaux-collaborateurs-collaboratrices-m-f-x-2\/","url":"https:\/\/www.kjt.lu\/fr\/recherche-de-2-nouveaux-collaborateurs-collaboratrices-m-f-x-2\/","name":"Recherche de 2 nouveaux collaborateurs\/collaboratrices (m\/f\/x) | KJT","isPartOf":{"@id":"https:\/\/www.kjt.lu\/fr\/#website"},"primaryImageOfPage":{"@id":"https:\/\/www.kjt.lu\/fr\/recherche-de-2-nouveaux-collaborateurs-collaboratrices-m-f-x-2\/#primaryimage"},"image":{"@id":"https:\/\/www.kjt.lu\/fr\/recherche-de-2-nouveaux-collaborateurs-collaboratrices-m-f-x-2\/#primaryimage"},"thumbnailUrl":"https:\/\/www.kjt.lu\/wp-content\/uploads\/2022\/11\/Annonce-2-scaled.jpg","datePublished":"2025-06-12T10:28:51+00:00","breadcrumb":{"@id":"https:\/\/www.kjt.lu\/fr\/recherche-de-2-nouveaux-collaborateurs-collaboratrices-m-f-x-2\/#breadcrumb"},"inLanguage":"fr-FR","potentialAction":[{"@type":"ReadAction","target":["https:\/\/www.kjt.lu\/fr\/recherche-de-2-nouveaux-collaborateurs-collaboratrices-m-f-x-2\/"]}]},{"@type":"ImageObject","inLanguage":"fr-FR","@id":"https:\/\/www.kjt.lu\/fr\/recherche-de-2-nouveaux-collaborateurs-collaboratrices-m-f-x-2\/#primaryimage","url":"https:\/\/www.kjt.lu\/wp-content\/uploads\/2022\/11\/Annonce-2-scaled.jpg","contentUrl":"https:\/\/www.kjt.lu\/wp-content\/uploads\/2022\/11\/Annonce-2-scaled.jpg","width":2560,"height":660},{"@type":"BreadcrumbList","@id":"https:\/\/www.kjt.lu\/fr\/recherche-de-2-nouveaux-collaborateurs-collaboratrices-m-f-x-2\/#breadcrumb","itemListElement":[{"@type":"ListItem","position":1,"name":"Startseite","item":"https:\/\/www.kjt.lu\/fr\/"},{"@type":"ListItem","position":2,"name":"Recherche de 2 nouveaux collaborateurs\/collaboratrices (m\/f\/x)"}]},{"@type":"WebSite","@id":"https:\/\/www.kjt.lu\/fr\/#website","url":"https:\/\/www.kjt.lu\/fr\/","name":"KJT","description":"Beratung, Hilfe und Informationen f\u00fcr Kinder und Jugendliche","publisher":{"@id":"https:\/\/www.kjt.lu\/fr\/#organization"},"potentialAction":[{"@type":"SearchAction","target":{"@type":"EntryPoint","urlTemplate":"https:\/\/www.kjt.lu\/fr\/?s={search_term_string}"},"query-input":{"@type":"PropertyValueSpecification","valueRequired":true,"valueName":"search_term_string"}}],"inLanguage":"fr-FR"},{"@type":"Organization","@id":"https:\/\/www.kjt.lu\/fr\/#organization","name":"KJT","url":"https:\/\/www.kjt.lu\/fr\/","logo":{"@type":"ImageObject","inLanguage":"fr-FR","@id":"https:\/\/www.kjt.lu\/fr\/#\/schema\/logo\/image\/","url":"https:\/\/www.kjt.lu\/wp-content\/uploads\/2021\/01\/kjt_white_144x61.png","contentUrl":"https:\/\/www.kjt.lu\/wp-content\/uploads\/2021\/01\/kjt_white_144x61.png","width":143,"height":61,"caption":"KJT"},"image":{"@id":"https:\/\/www.kjt.lu\/fr\/#\/schema\/logo\/image\/"},"sameAs":["https:\/\/www.facebook.com\/kannerjugendtelefon","https:\/\/www.instagram.com\/kannerjugendtelefon\/"]},{"@type":"Person","@id":"https:\/\/www.kjt.lu\/fr\/#\/schema\/person\/373f9194906a96464ebb2b3865e09066","name":"Margit Wypchol","url":"https:\/\/www.kjt.lu\/fr\/author\/mwypchol\/"}]}},"_links":{"self":[{"href":"https:\/\/www.kjt.lu\/fr\/wp-json\/wp\/v2\/posts\/15482"}],"collection":[{"href":"https:\/\/www.kjt.lu\/fr\/wp-json\/wp\/v2\/posts"}],"about":[{"href":"https:\/\/www.kjt.lu\/fr\/wp-json\/wp\/v2\/types\/post"}],"author":[{"embeddable":true,"href":"https:\/\/www.kjt.lu\/fr\/wp-json\/wp\/v2\/users\/3"}],"replies":[{"embeddable":true,"href":"https:\/\/www.kjt.lu\/fr\/wp-json\/wp\/v2\/comments?post=15482"}],"version-history":[{"count":1,"href":"https:\/\/www.kjt.lu\/fr\/wp-json\/wp\/v2\/posts\/15482\/revisions"}],"predecessor-version":[{"id":15485,"href":"https:\/\/www.kjt.lu\/fr\/wp-json\/wp\/v2\/posts\/15482\/revisions\/15485"}],"wp:featuredmedia":[{"embeddable":true,"href":"https:\/\/www.kjt.lu\/fr\/wp-json\/wp\/v2\/media\/15051"}],"wp:attachment":[{"href":"https:\/\/www.kjt.lu\/fr\/wp-json\/wp\/v2\/media?parent=15482"}],"wp:term":[{"taxonomy":"category","embeddable":true,"href":"https:\/\/www.kjt.lu\/fr\/wp-json\/wp\/v2\/categories?post=15482"},{"taxonomy":"post_tag","embeddable":true,"href":"https:\/\/www.kjt.lu\/fr\/wp-json\/wp\/v2\/tags?post=15482"}],"curies":[{"name":"wp","href":"https:\/\/api.w.org\/{rel}","templated":true}]}}