{"id":15412,"date":"2025-05-20T00:34:25","date_gmt":"2025-05-19T22:34:25","guid":{"rendered":"https:\/\/www.kjt.lu\/?p=15412"},"modified":"2025-06-04T15:14:18","modified_gmt":"2025-06-04T13:14:18","slug":"rapport-annual-2024","status":"publish","type":"post","link":"https:\/\/www.kjt.lu\/fr\/rapport-annual-2024\/","title":{"rendered":"Rapport annual 2024"},"content":{"rendered":"<p>Le 17 mai, c&rsquo;est la journ\u00e9e internationale de la Child Helpline.<\/p>\n<p>Le Kanner-Jugendtelefon 1 1 6 1 1 est la ligne d&rsquo;assistance nationale pour les enfants et les jeunes au Luxembourg. KJT est membre de (CHI) Child Helpline International, l&rsquo;association mondiale des<br \/>\nlignes t\u00e9l\u00e9phoniques pour enfants et adolescents. <a href=\"https:\/\/www.childhelplineinternational.org\/\" target=\"_blank\" rel=\"noopener\">Child Helpline International<\/a> repr\u00e9sente plus de 150 membres de lignes d&rsquo;assistance aux enfants dans plus de 130 pays et territoires \u00e0 travers le monde.<\/p>\n<p>&nbsp;<\/p>\n<p><img decoding=\"async\" class=\"alignnone wp-image-13952 size-medium\" src=\"https:\/\/www.kjt.lu\/wp-content\/uploads\/2023\/05\/ICH-day-2023-fr-300x251.jpg\" alt=\"\" width=\"300\" height=\"251\" srcset=\"https:\/\/www.kjt.lu\/wp-content\/uploads\/2023\/05\/ICH-day-2023-fr-300x251.jpg 300w, https:\/\/www.kjt.lu\/wp-content\/uploads\/2023\/05\/ICH-day-2023-fr-768x644.jpg 768w, https:\/\/www.kjt.lu\/wp-content\/uploads\/2023\/05\/ICH-day-2023-fr.jpg 940w\" sizes=\"(max-width: 300px) 100vw, 300px\" \/><\/p>\n<p>Comme le veut la tradition, nous sommes heureux de pr\u00e9senter <strong>notre <a href=\"https:\/\/www.kjt.lu\/wp-content\/uploads\/2025\/06\/KJT-Annual-Report-2024-FR.pdf\" target=\"_blank\" rel=\"noopener\">rapport annuel 2024<\/a><\/strong> :<\/p>\n<p><a href=\"https:\/\/www.kjt.lu\/wp-content\/uploads\/2025\/06\/KJT-Annual-Report-2024-FR.pdf\" target=\"_blank\" rel=\"noopener\"><img decoding=\"async\" class=\"alignnone wp-image-15416 size-large\" src=\"https:\/\/www.kjt.lu\/wp-content\/uploads\/2025\/05\/KJT-Annual-Report-2024-FR-Deckblatt-1-724x1024.jpg\" alt=\"\" width=\"724\" height=\"1024\" srcset=\"https:\/\/www.kjt.lu\/wp-content\/uploads\/2025\/05\/KJT-Annual-Report-2024-FR-Deckblatt-1-724x1024.jpg 724w, https:\/\/www.kjt.lu\/wp-content\/uploads\/2025\/05\/KJT-Annual-Report-2024-FR-Deckblatt-1-212x300.jpg 212w, https:\/\/www.kjt.lu\/wp-content\/uploads\/2025\/05\/KJT-Annual-Report-2024-FR-Deckblatt-1-768x1086.jpg 768w, https:\/\/www.kjt.lu\/wp-content\/uploads\/2025\/05\/KJT-Annual-Report-2024-FR-Deckblatt-1-1086x1536.jpg 1086w, https:\/\/www.kjt.lu\/wp-content\/uploads\/2025\/05\/KJT-Annual-Report-2024-FR-Deckblatt-1.jpg 1414w\" sizes=\"(max-width: 724px) 100vw, 724px\" \/><\/a><\/p>\n<p><a href=\"https:\/\/www.kjt.lu\/wp-content\/uploads\/2025\/06\/KJT-Annual-Report-2024-FR.pdf\" target=\"_blank\" rel=\"noopener\">T\u00e9l\u00e9charger directement ici<\/a><\/p>\n","protected":false},"excerpt":{"rendered":"<p>Le 17 mai, c&rsquo;est la journ\u00e9e internationale de la Child Helpline. Le Kanner-Jugendtelefon 1 1 6 1 1 est la\u2026<\/p>\n","protected":false},"author":3,"featured_media":15417,"comment_status":"closed","ping_status":"closed","sticky":false,"template":"","format":"standard","meta":{"footnotes":""},"categories":[108,110,486],"tags":[630,207,487],"class_list":["post-15412","post","type-post","status-publish","format-standard","has-post-thumbnail","hentry","category-actualites","category-nouveautes","category-rapport-annuel","tag-2024-fr","tag-rapport-annuel","tag-statistiques"],"yoast_head":"<!-- This site is optimized with the Yoast SEO plugin v25.4 - https:\/\/yoast.com\/wordpress\/plugins\/seo\/ -->\n<title>Rapport annual 2024 | KJT<\/title>\n<meta name=\"robots\" content=\"index, follow, max-snippet:-1, max-image-preview:large, max-video-preview:-1\" \/>\n<link rel=\"canonical\" href=\"https:\/\/www.kjt.lu\/fr\/rapport-annual-2024\/\" \/>\n<meta property=\"og:locale\" content=\"fr_FR\" \/>\n<meta property=\"og:type\" content=\"article\" \/>\n<meta property=\"og:title\" content=\"Rapport annual 2024 | KJT\" \/>\n<meta property=\"og:description\" content=\"Le 17 mai, c&rsquo;est la journ\u00e9e internationale de la Child Helpline. Le Kanner-Jugendtelefon 1 1 6 1 1 est la\u2026\" \/>\n<meta property=\"og:url\" content=\"https:\/\/www.kjt.lu\/fr\/rapport-annual-2024\/\" \/>\n<meta property=\"og:site_name\" content=\"KJT\" \/>\n<meta property=\"article:publisher\" content=\"https:\/\/www.facebook.com\/kannerjugendtelefon\" \/>\n<meta property=\"article:published_time\" content=\"2025-05-19T22:34:25+00:00\" \/>\n<meta property=\"article:modified_time\" content=\"2025-06-04T13:14:18+00:00\" \/>\n<meta property=\"og:image\" content=\"https:\/\/www.kjt.lu\/wp-content\/uploads\/2025\/05\/Deckblatt-Jahresbericht-Flyer-2024-Ausschnitt-2.jpg\" \/>\n\t<meta property=\"og:image:width\" content=\"554\" \/>\n\t<meta property=\"og:image:height\" content=\"420\" \/>\n\t<meta property=\"og:image:type\" content=\"image\/jpeg\" \/>\n<meta name=\"author\" content=\"Margit Wypchol\" \/>\n<meta name=\"twitter:card\" content=\"summary_large_image\" \/>\n<meta name=\"twitter:label1\" content=\"\u00c9crit par\" \/>\n\t<meta name=\"twitter:data1\" content=\"Margit Wypchol\" \/>\n\t<meta name=\"twitter:label2\" content=\"Dur\u00e9e de lecture estim\u00e9e\" \/>\n\t<meta name=\"twitter:data2\" content=\"2 minutes\" \/>\n<script type=\"application\/ld+json\" class=\"yoast-schema-graph\">{\"@context\":\"https:\/\/schema.org\",\"@graph\":[{\"@type\":\"Article\",\"@id\":\"https:\/\/www.kjt.lu\/fr\/rapport-annual-2024\/#article\",\"isPartOf\":{\"@id\":\"https:\/\/www.kjt.lu\/fr\/rapport-annual-2024\/\"},\"author\":{\"name\":\"Margit Wypchol\",\"@id\":\"https:\/\/www.kjt.lu\/fr\/#\/schema\/person\/373f9194906a96464ebb2b3865e09066\"},\"headline\":\"Rapport annual 2024\",\"datePublished\":\"2025-05-19T22:34:25+00:00\",\"dateModified\":\"2025-06-04T13:14:18+00:00\",\"mainEntityOfPage\":{\"@id\":\"https:\/\/www.kjt.lu\/fr\/rapport-annual-2024\/\"},\"wordCount\":93,\"publisher\":{\"@id\":\"https:\/\/www.kjt.lu\/fr\/#organization\"},\"image\":{\"@id\":\"https:\/\/www.kjt.lu\/fr\/rapport-annual-2024\/#primaryimage\"},\"thumbnailUrl\":\"https:\/\/www.kjt.lu\/wp-content\/uploads\/2025\/05\/Deckblatt-Jahresbericht-Flyer-2024-Ausschnitt-2.jpg\",\"keywords\":[\"2024\",\"Rapport annuel\",\"Statistiques\"],\"articleSection\":[\"Actualit\u00e9s\",\"Nouveaut\u00e9s\",\"rapport annuel\"],\"inLanguage\":\"fr-FR\"},{\"@type\":\"WebPage\",\"@id\":\"https:\/\/www.kjt.lu\/fr\/rapport-annual-2024\/\",\"url\":\"https:\/\/www.kjt.lu\/fr\/rapport-annual-2024\/\",\"name\":\"Rapport annual 2024 | KJT\",\"isPartOf\":{\"@id\":\"https:\/\/www.kjt.lu\/fr\/#website\"},\"primaryImageOfPage\":{\"@id\":\"https:\/\/www.kjt.lu\/fr\/rapport-annual-2024\/#primaryimage\"},\"image\":{\"@id\":\"https:\/\/www.kjt.lu\/fr\/rapport-annual-2024\/#primaryimage\"},\"thumbnailUrl\":\"https:\/\/www.kjt.lu\/wp-content\/uploads\/2025\/05\/Deckblatt-Jahresbericht-Flyer-2024-Ausschnitt-2.jpg\",\"datePublished\":\"2025-05-19T22:34:25+00:00\",\"dateModified\":\"2025-06-04T13:14:18+00:00\",\"breadcrumb\":{\"@id\":\"https:\/\/www.kjt.lu\/fr\/rapport-annual-2024\/#breadcrumb\"},\"inLanguage\":\"fr-FR\",\"potentialAction\":[{\"@type\":\"ReadAction\",\"target\":[\"https:\/\/www.kjt.lu\/fr\/rapport-annual-2024\/\"]}]},{\"@type\":\"ImageObject\",\"inLanguage\":\"fr-FR\",\"@id\":\"https:\/\/www.kjt.lu\/fr\/rapport-annual-2024\/#primaryimage\",\"url\":\"https:\/\/www.kjt.lu\/wp-content\/uploads\/2025\/05\/Deckblatt-Jahresbericht-Flyer-2024-Ausschnitt-2.jpg\",\"contentUrl\":\"https:\/\/www.kjt.lu\/wp-content\/uploads\/2025\/05\/Deckblatt-Jahresbericht-Flyer-2024-Ausschnitt-2.jpg\",\"width\":554,\"height\":420},{\"@type\":\"BreadcrumbList\",\"@id\":\"https:\/\/www.kjt.lu\/fr\/rapport-annual-2024\/#breadcrumb\",\"itemListElement\":[{\"@type\":\"ListItem\",\"position\":1,\"name\":\"Startseite\",\"item\":\"https:\/\/www.kjt.lu\/fr\/\"},{\"@type\":\"ListItem\",\"position\":2,\"name\":\"Rapport annual 2024\"}]},{\"@type\":\"WebSite\",\"@id\":\"https:\/\/www.kjt.lu\/fr\/#website\",\"url\":\"https:\/\/www.kjt.lu\/fr\/\",\"name\":\"KJT\",\"description\":\"Beratung, Hilfe und Informationen f\u00fcr Kinder und Jugendliche\",\"publisher\":{\"@id\":\"https:\/\/www.kjt.lu\/fr\/#organization\"},\"potentialAction\":[{\"@type\":\"SearchAction\",\"target\":{\"@type\":\"EntryPoint\",\"urlTemplate\":\"https:\/\/www.kjt.lu\/fr\/?s={search_term_string}\"},\"query-input\":{\"@type\":\"PropertyValueSpecification\",\"valueRequired\":true,\"valueName\":\"search_term_string\"}}],\"inLanguage\":\"fr-FR\"},{\"@type\":\"Organization\",\"@id\":\"https:\/\/www.kjt.lu\/fr\/#organization\",\"name\":\"KJT\",\"url\":\"https:\/\/www.kjt.lu\/fr\/\",\"logo\":{\"@type\":\"ImageObject\",\"inLanguage\":\"fr-FR\",\"@id\":\"https:\/\/www.kjt.lu\/fr\/#\/schema\/logo\/image\/\",\"url\":\"https:\/\/www.kjt.lu\/wp-content\/uploads\/2021\/01\/kjt_white_144x61.png\",\"contentUrl\":\"https:\/\/www.kjt.lu\/wp-content\/uploads\/2021\/01\/kjt_white_144x61.png\",\"width\":143,\"height\":61,\"caption\":\"KJT\"},\"image\":{\"@id\":\"https:\/\/www.kjt.lu\/fr\/#\/schema\/logo\/image\/\"},\"sameAs\":[\"https:\/\/www.facebook.com\/kannerjugendtelefon\",\"https:\/\/www.instagram.com\/kannerjugendtelefon\/\"]},{\"@type\":\"Person\",\"@id\":\"https:\/\/www.kjt.lu\/fr\/#\/schema\/person\/373f9194906a96464ebb2b3865e09066\",\"name\":\"Margit Wypchol\",\"url\":\"https:\/\/www.kjt.lu\/fr\/author\/mwypchol\/\"}]}<\/script>\n<!-- \/ Yoast SEO plugin. -->","yoast_head_json":{"title":"Rapport annual 2024 | KJT","robots":{"index":"index","follow":"follow","max-snippet":"max-snippet:-1","max-image-preview":"max-image-preview:large","max-video-preview":"max-video-preview:-1"},"canonical":"https:\/\/www.kjt.lu\/fr\/rapport-annual-2024\/","og_locale":"fr_FR","og_type":"article","og_title":"Rapport annual 2024 | KJT","og_description":"Le 17 mai, c&rsquo;est la journ\u00e9e internationale de la Child Helpline. Le Kanner-Jugendtelefon 1 1 6 1 1 est la\u2026","og_url":"https:\/\/www.kjt.lu\/fr\/rapport-annual-2024\/","og_site_name":"KJT","article_publisher":"https:\/\/www.facebook.com\/kannerjugendtelefon","article_published_time":"2025-05-19T22:34:25+00:00","article_modified_time":"2025-06-04T13:14:18+00:00","og_image":[{"width":554,"height":420,"url":"https:\/\/www.kjt.lu\/wp-content\/uploads\/2025\/05\/Deckblatt-Jahresbericht-Flyer-2024-Ausschnitt-2.jpg","type":"image\/jpeg"}],"author":"Margit Wypchol","twitter_card":"summary_large_image","twitter_misc":{"\u00c9crit par":"Margit Wypchol","Dur\u00e9e de lecture estim\u00e9e":"2 minutes"},"schema":{"@context":"https:\/\/schema.org","@graph":[{"@type":"Article","@id":"https:\/\/www.kjt.lu\/fr\/rapport-annual-2024\/#article","isPartOf":{"@id":"https:\/\/www.kjt.lu\/fr\/rapport-annual-2024\/"},"author":{"name":"Margit Wypchol","@id":"https:\/\/www.kjt.lu\/fr\/#\/schema\/person\/373f9194906a96464ebb2b3865e09066"},"headline":"Rapport annual 2024","datePublished":"2025-05-19T22:34:25+00:00","dateModified":"2025-06-04T13:14:18+00:00","mainEntityOfPage":{"@id":"https:\/\/www.kjt.lu\/fr\/rapport-annual-2024\/"},"wordCount":93,"publisher":{"@id":"https:\/\/www.kjt.lu\/fr\/#organization"},"image":{"@id":"https:\/\/www.kjt.lu\/fr\/rapport-annual-2024\/#primaryimage"},"thumbnailUrl":"https:\/\/www.kjt.lu\/wp-content\/uploads\/2025\/05\/Deckblatt-Jahresbericht-Flyer-2024-Ausschnitt-2.jpg","keywords":["2024","Rapport annuel","Statistiques"],"articleSection":["Actualit\u00e9s","Nouveaut\u00e9s","rapport annuel"],"inLanguage":"fr-FR"},{"@type":"WebPage","@id":"https:\/\/www.kjt.lu\/fr\/rapport-annual-2024\/","url":"https:\/\/www.kjt.lu\/fr\/rapport-annual-2024\/","name":"Rapport annual 2024 | KJT","isPartOf":{"@id":"https:\/\/www.kjt.lu\/fr\/#website"},"primaryImageOfPage":{"@id":"https:\/\/www.kjt.lu\/fr\/rapport-annual-2024\/#primaryimage"},"image":{"@id":"https:\/\/www.kjt.lu\/fr\/rapport-annual-2024\/#primaryimage"},"thumbnailUrl":"https:\/\/www.kjt.lu\/wp-content\/uploads\/2025\/05\/Deckblatt-Jahresbericht-Flyer-2024-Ausschnitt-2.jpg","datePublished":"2025-05-19T22:34:25+00:00","dateModified":"2025-06-04T13:14:18+00:00","breadcrumb":{"@id":"https:\/\/www.kjt.lu\/fr\/rapport-annual-2024\/#breadcrumb"},"inLanguage":"fr-FR","potentialAction":[{"@type":"ReadAction","target":["https:\/\/www.kjt.lu\/fr\/rapport-annual-2024\/"]}]},{"@type":"ImageObject","inLanguage":"fr-FR","@id":"https:\/\/www.kjt.lu\/fr\/rapport-annual-2024\/#primaryimage","url":"https:\/\/www.kjt.lu\/wp-content\/uploads\/2025\/05\/Deckblatt-Jahresbericht-Flyer-2024-Ausschnitt-2.jpg","contentUrl":"https:\/\/www.kjt.lu\/wp-content\/uploads\/2025\/05\/Deckblatt-Jahresbericht-Flyer-2024-Ausschnitt-2.jpg","width":554,"height":420},{"@type":"BreadcrumbList","@id":"https:\/\/www.kjt.lu\/fr\/rapport-annual-2024\/#breadcrumb","itemListElement":[{"@type":"ListItem","position":1,"name":"Startseite","item":"https:\/\/www.kjt.lu\/fr\/"},{"@type":"ListItem","position":2,"name":"Rapport annual 2024"}]},{"@type":"WebSite","@id":"https:\/\/www.kjt.lu\/fr\/#website","url":"https:\/\/www.kjt.lu\/fr\/","name":"KJT","description":"Beratung, Hilfe und Informationen f\u00fcr Kinder und Jugendliche","publisher":{"@id":"https:\/\/www.kjt.lu\/fr\/#organization"},"potentialAction":[{"@type":"SearchAction","target":{"@type":"EntryPoint","urlTemplate":"https:\/\/www.kjt.lu\/fr\/?s={search_term_string}"},"query-input":{"@type":"PropertyValueSpecification","valueRequired":true,"valueName":"search_term_string"}}],"inLanguage":"fr-FR"},{"@type":"Organization","@id":"https:\/\/www.kjt.lu\/fr\/#organization","name":"KJT","url":"https:\/\/www.kjt.lu\/fr\/","logo":{"@type":"ImageObject","inLanguage":"fr-FR","@id":"https:\/\/www.kjt.lu\/fr\/#\/schema\/logo\/image\/","url":"https:\/\/www.kjt.lu\/wp-content\/uploads\/2021\/01\/kjt_white_144x61.png","contentUrl":"https:\/\/www.kjt.lu\/wp-content\/uploads\/2021\/01\/kjt_white_144x61.png","width":143,"height":61,"caption":"KJT"},"image":{"@id":"https:\/\/www.kjt.lu\/fr\/#\/schema\/logo\/image\/"},"sameAs":["https:\/\/www.facebook.com\/kannerjugendtelefon","https:\/\/www.instagram.com\/kannerjugendtelefon\/"]},{"@type":"Person","@id":"https:\/\/www.kjt.lu\/fr\/#\/schema\/person\/373f9194906a96464ebb2b3865e09066","name":"Margit Wypchol","url":"https:\/\/www.kjt.lu\/fr\/author\/mwypchol\/"}]}},"_links":{"self":[{"href":"https:\/\/www.kjt.lu\/fr\/wp-json\/wp\/v2\/posts\/15412"}],"collection":[{"href":"https:\/\/www.kjt.lu\/fr\/wp-json\/wp\/v2\/posts"}],"about":[{"href":"https:\/\/www.kjt.lu\/fr\/wp-json\/wp\/v2\/types\/post"}],"author":[{"embeddable":true,"href":"https:\/\/www.kjt.lu\/fr\/wp-json\/wp\/v2\/users\/3"}],"replies":[{"embeddable":true,"href":"https:\/\/www.kjt.lu\/fr\/wp-json\/wp\/v2\/comments?post=15412"}],"version-history":[{"count":4,"href":"https:\/\/www.kjt.lu\/fr\/wp-json\/wp\/v2\/posts\/15412\/revisions"}],"predecessor-version":[{"id":15464,"href":"https:\/\/www.kjt.lu\/fr\/wp-json\/wp\/v2\/posts\/15412\/revisions\/15464"}],"wp:featuredmedia":[{"embeddable":true,"href":"https:\/\/www.kjt.lu\/fr\/wp-json\/wp\/v2\/media\/15417"}],"wp:attachment":[{"href":"https:\/\/www.kjt.lu\/fr\/wp-json\/wp\/v2\/media?parent=15412"}],"wp:term":[{"taxonomy":"category","embeddable":true,"href":"https:\/\/www.kjt.lu\/fr\/wp-json\/wp\/v2\/categories?post=15412"},{"taxonomy":"post_tag","embeddable":true,"href":"https:\/\/www.kjt.lu\/fr\/wp-json\/wp\/v2\/tags?post=15412"}],"curies":[{"name":"wp","href":"https:\/\/api.w.org\/{rel}","templated":true}]}}