{"id":15072,"date":"2024-08-05T14:05:39","date_gmt":"2024-08-05T12:05:39","guid":{"rendered":"https:\/\/kjt-dev.fachhandel-ehses.de\/?p=15072"},"modified":"2024-08-05T14:05:39","modified_gmt":"2024-08-05T12:05:39","slug":"rapport-annuel-2023","status":"publish","type":"post","link":"https:\/\/www.kjt.lu\/fr\/rapport-annuel-2023\/","title":{"rendered":"Rapport annuel 2023"},"content":{"rendered":"<p>Nous sommes heureux de pr\u00e9senter notre <a href=\"https:\/\/www.kjt.lu\/wp-content\/uploads\/2024\/08\/KJT-Annual-Report-2023-FR.pdf\" target=\"_blank\" rel=\"noopener\"><strong>rapport annuel 2023<\/strong><\/a> :<\/p>\n<p><a href=\"https:\/\/www.kjt.lu\/wp-content\/uploads\/2024\/08\/KJT-Annual-Report-2023-FR.pdf\"><img decoding=\"async\" class=\"alignnone wp-image-15076 size-large\" src=\"https:\/\/www.kjt.lu\/wp-content\/uploads\/2024\/08\/KJT-Annual-Report-2023-FR-Cover-1-724x1024.jpg\" alt=\"\" width=\"724\" height=\"1024\" srcset=\"https:\/\/www.kjt.lu\/wp-content\/uploads\/2024\/08\/KJT-Annual-Report-2023-FR-Cover-1-724x1024.jpg 724w, https:\/\/www.kjt.lu\/wp-content\/uploads\/2024\/08\/KJT-Annual-Report-2023-FR-Cover-1-212x300.jpg 212w, https:\/\/www.kjt.lu\/wp-content\/uploads\/2024\/08\/KJT-Annual-Report-2023-FR-Cover-1-768x1086.jpg 768w, https:\/\/www.kjt.lu\/wp-content\/uploads\/2024\/08\/KJT-Annual-Report-2023-FR-Cover-1-1086x1536.jpg 1086w, https:\/\/www.kjt.lu\/wp-content\/uploads\/2024\/08\/KJT-Annual-Report-2023-FR-Cover-1.jpg 1190w\" sizes=\"(max-width: 724px) 100vw, 724px\" \/><\/a><\/p>\n<p><a href=\"https:\/\/www.kjt.lu\/wp-content\/uploads\/2024\/08\/KJT-Annual-Report-2023-FR.pdf\" target=\"_blank\" rel=\"noopener\">T\u00e9l\u00e9charger directement ici<\/a><\/p>\n","protected":false},"excerpt":{"rendered":"<p>Nous sommes heureux de pr\u00e9senter notre rapport annuel 2023 : T\u00e9l\u00e9charger directement ici<\/p>\n","protected":false},"author":3,"featured_media":15074,"comment_status":"closed","ping_status":"closed","sticky":false,"template":"","format":"standard","meta":{"footnotes":""},"categories":[108,110,486],"tags":[620,207,487],"class_list":["post-15072","post","type-post","status-publish","format-standard","has-post-thumbnail","hentry","category-actualites","category-nouveautes","category-rapport-annuel","tag-2023-fr","tag-rapport-annuel","tag-statistiques"],"yoast_head":"<!-- This site is optimized with the Yoast SEO plugin v25.4 - https:\/\/yoast.com\/wordpress\/plugins\/seo\/ -->\n<title>Rapport annuel 2023 | KJT<\/title>\n<meta name=\"robots\" content=\"index, follow, max-snippet:-1, max-image-preview:large, max-video-preview:-1\" \/>\n<link rel=\"canonical\" href=\"https:\/\/www.kjt.lu\/fr\/rapport-annuel-2023\/\" \/>\n<meta property=\"og:locale\" content=\"fr_FR\" \/>\n<meta property=\"og:type\" content=\"article\" \/>\n<meta property=\"og:title\" content=\"Rapport annuel 2023 | KJT\" \/>\n<meta property=\"og:description\" content=\"Nous sommes heureux de pr\u00e9senter notre rapport annuel 2023 : T\u00e9l\u00e9charger directement ici\" \/>\n<meta property=\"og:url\" content=\"https:\/\/www.kjt.lu\/fr\/rapport-annuel-2023\/\" \/>\n<meta property=\"og:site_name\" content=\"KJT\" \/>\n<meta property=\"article:publisher\" content=\"https:\/\/www.facebook.com\/kannerjugendtelefon\" \/>\n<meta property=\"article:published_time\" content=\"2024-08-05T12:05:39+00:00\" \/>\n<meta property=\"og:image\" content=\"https:\/\/www.kjt.lu\/wp-content\/uploads\/2024\/08\/Annual-Report-2023-Flyer-Ausschnitt.jpg\" \/>\n\t<meta property=\"og:image:width\" content=\"444\" \/>\n\t<meta property=\"og:image:height\" content=\"350\" \/>\n\t<meta property=\"og:image:type\" content=\"image\/jpeg\" \/>\n<meta name=\"author\" content=\"Margit Wypchol\" \/>\n<meta name=\"twitter:card\" content=\"summary_large_image\" \/>\n<meta name=\"twitter:label1\" content=\"\u00c9crit par\" \/>\n\t<meta name=\"twitter:data1\" content=\"Margit Wypchol\" \/>\n\t<meta name=\"twitter:label2\" content=\"Dur\u00e9e de lecture estim\u00e9e\" \/>\n\t<meta name=\"twitter:data2\" content=\"1 minute\" \/>\n<script type=\"application\/ld+json\" class=\"yoast-schema-graph\">{\"@context\":\"https:\/\/schema.org\",\"@graph\":[{\"@type\":\"Article\",\"@id\":\"https:\/\/www.kjt.lu\/fr\/rapport-annuel-2023\/#article\",\"isPartOf\":{\"@id\":\"https:\/\/www.kjt.lu\/fr\/rapport-annuel-2023\/\"},\"author\":{\"name\":\"Margit Wypchol\",\"@id\":\"https:\/\/www.kjt.lu\/fr\/#\/schema\/person\/373f9194906a96464ebb2b3865e09066\"},\"headline\":\"Rapport annuel 2023\",\"datePublished\":\"2024-08-05T12:05:39+00:00\",\"mainEntityOfPage\":{\"@id\":\"https:\/\/www.kjt.lu\/fr\/rapport-annuel-2023\/\"},\"wordCount\":16,\"publisher\":{\"@id\":\"https:\/\/www.kjt.lu\/fr\/#organization\"},\"image\":{\"@id\":\"https:\/\/www.kjt.lu\/fr\/rapport-annuel-2023\/#primaryimage\"},\"thumbnailUrl\":\"https:\/\/www.kjt.lu\/wp-content\/uploads\/2024\/08\/Annual-Report-2023-Flyer-Ausschnitt.jpg\",\"keywords\":[\"2023\",\"Rapport annuel\",\"Statistiques\"],\"articleSection\":[\"Actualit\u00e9s\",\"Nouveaut\u00e9s\",\"rapport annuel\"],\"inLanguage\":\"fr-FR\"},{\"@type\":\"WebPage\",\"@id\":\"https:\/\/www.kjt.lu\/fr\/rapport-annuel-2023\/\",\"url\":\"https:\/\/www.kjt.lu\/fr\/rapport-annuel-2023\/\",\"name\":\"Rapport annuel 2023 | KJT\",\"isPartOf\":{\"@id\":\"https:\/\/www.kjt.lu\/fr\/#website\"},\"primaryImageOfPage\":{\"@id\":\"https:\/\/www.kjt.lu\/fr\/rapport-annuel-2023\/#primaryimage\"},\"image\":{\"@id\":\"https:\/\/www.kjt.lu\/fr\/rapport-annuel-2023\/#primaryimage\"},\"thumbnailUrl\":\"https:\/\/www.kjt.lu\/wp-content\/uploads\/2024\/08\/Annual-Report-2023-Flyer-Ausschnitt.jpg\",\"datePublished\":\"2024-08-05T12:05:39+00:00\",\"breadcrumb\":{\"@id\":\"https:\/\/www.kjt.lu\/fr\/rapport-annuel-2023\/#breadcrumb\"},\"inLanguage\":\"fr-FR\",\"potentialAction\":[{\"@type\":\"ReadAction\",\"target\":[\"https:\/\/www.kjt.lu\/fr\/rapport-annuel-2023\/\"]}]},{\"@type\":\"ImageObject\",\"inLanguage\":\"fr-FR\",\"@id\":\"https:\/\/www.kjt.lu\/fr\/rapport-annuel-2023\/#primaryimage\",\"url\":\"https:\/\/www.kjt.lu\/wp-content\/uploads\/2024\/08\/Annual-Report-2023-Flyer-Ausschnitt.jpg\",\"contentUrl\":\"https:\/\/www.kjt.lu\/wp-content\/uploads\/2024\/08\/Annual-Report-2023-Flyer-Ausschnitt.jpg\",\"width\":444,\"height\":350},{\"@type\":\"BreadcrumbList\",\"@id\":\"https:\/\/www.kjt.lu\/fr\/rapport-annuel-2023\/#breadcrumb\",\"itemListElement\":[{\"@type\":\"ListItem\",\"position\":1,\"name\":\"Startseite\",\"item\":\"https:\/\/www.kjt.lu\/fr\/\"},{\"@type\":\"ListItem\",\"position\":2,\"name\":\"Rapport annuel 2023\"}]},{\"@type\":\"WebSite\",\"@id\":\"https:\/\/www.kjt.lu\/fr\/#website\",\"url\":\"https:\/\/www.kjt.lu\/fr\/\",\"name\":\"KJT\",\"description\":\"Beratung, Hilfe und Informationen f\u00fcr Kinder und Jugendliche\",\"publisher\":{\"@id\":\"https:\/\/www.kjt.lu\/fr\/#organization\"},\"potentialAction\":[{\"@type\":\"SearchAction\",\"target\":{\"@type\":\"EntryPoint\",\"urlTemplate\":\"https:\/\/www.kjt.lu\/fr\/?s={search_term_string}\"},\"query-input\":{\"@type\":\"PropertyValueSpecification\",\"valueRequired\":true,\"valueName\":\"search_term_string\"}}],\"inLanguage\":\"fr-FR\"},{\"@type\":\"Organization\",\"@id\":\"https:\/\/www.kjt.lu\/fr\/#organization\",\"name\":\"KJT\",\"url\":\"https:\/\/www.kjt.lu\/fr\/\",\"logo\":{\"@type\":\"ImageObject\",\"inLanguage\":\"fr-FR\",\"@id\":\"https:\/\/www.kjt.lu\/fr\/#\/schema\/logo\/image\/\",\"url\":\"https:\/\/www.kjt.lu\/wp-content\/uploads\/2021\/01\/kjt_white_144x61.png\",\"contentUrl\":\"https:\/\/www.kjt.lu\/wp-content\/uploads\/2021\/01\/kjt_white_144x61.png\",\"width\":143,\"height\":61,\"caption\":\"KJT\"},\"image\":{\"@id\":\"https:\/\/www.kjt.lu\/fr\/#\/schema\/logo\/image\/\"},\"sameAs\":[\"https:\/\/www.facebook.com\/kannerjugendtelefon\",\"https:\/\/www.instagram.com\/kannerjugendtelefon\/\"]},{\"@type\":\"Person\",\"@id\":\"https:\/\/www.kjt.lu\/fr\/#\/schema\/person\/373f9194906a96464ebb2b3865e09066\",\"name\":\"Margit Wypchol\",\"url\":\"https:\/\/www.kjt.lu\/fr\/author\/mwypchol\/\"}]}<\/script>\n<!-- \/ Yoast SEO plugin. -->","yoast_head_json":{"title":"Rapport annuel 2023 | KJT","robots":{"index":"index","follow":"follow","max-snippet":"max-snippet:-1","max-image-preview":"max-image-preview:large","max-video-preview":"max-video-preview:-1"},"canonical":"https:\/\/www.kjt.lu\/fr\/rapport-annuel-2023\/","og_locale":"fr_FR","og_type":"article","og_title":"Rapport annuel 2023 | KJT","og_description":"Nous sommes heureux de pr\u00e9senter notre rapport annuel 2023 : T\u00e9l\u00e9charger directement ici","og_url":"https:\/\/www.kjt.lu\/fr\/rapport-annuel-2023\/","og_site_name":"KJT","article_publisher":"https:\/\/www.facebook.com\/kannerjugendtelefon","article_published_time":"2024-08-05T12:05:39+00:00","og_image":[{"width":444,"height":350,"url":"https:\/\/www.kjt.lu\/wp-content\/uploads\/2024\/08\/Annual-Report-2023-Flyer-Ausschnitt.jpg","type":"image\/jpeg"}],"author":"Margit Wypchol","twitter_card":"summary_large_image","twitter_misc":{"\u00c9crit par":"Margit Wypchol","Dur\u00e9e de lecture estim\u00e9e":"1 minute"},"schema":{"@context":"https:\/\/schema.org","@graph":[{"@type":"Article","@id":"https:\/\/www.kjt.lu\/fr\/rapport-annuel-2023\/#article","isPartOf":{"@id":"https:\/\/www.kjt.lu\/fr\/rapport-annuel-2023\/"},"author":{"name":"Margit Wypchol","@id":"https:\/\/www.kjt.lu\/fr\/#\/schema\/person\/373f9194906a96464ebb2b3865e09066"},"headline":"Rapport annuel 2023","datePublished":"2024-08-05T12:05:39+00:00","mainEntityOfPage":{"@id":"https:\/\/www.kjt.lu\/fr\/rapport-annuel-2023\/"},"wordCount":16,"publisher":{"@id":"https:\/\/www.kjt.lu\/fr\/#organization"},"image":{"@id":"https:\/\/www.kjt.lu\/fr\/rapport-annuel-2023\/#primaryimage"},"thumbnailUrl":"https:\/\/www.kjt.lu\/wp-content\/uploads\/2024\/08\/Annual-Report-2023-Flyer-Ausschnitt.jpg","keywords":["2023","Rapport annuel","Statistiques"],"articleSection":["Actualit\u00e9s","Nouveaut\u00e9s","rapport annuel"],"inLanguage":"fr-FR"},{"@type":"WebPage","@id":"https:\/\/www.kjt.lu\/fr\/rapport-annuel-2023\/","url":"https:\/\/www.kjt.lu\/fr\/rapport-annuel-2023\/","name":"Rapport annuel 2023 | KJT","isPartOf":{"@id":"https:\/\/www.kjt.lu\/fr\/#website"},"primaryImageOfPage":{"@id":"https:\/\/www.kjt.lu\/fr\/rapport-annuel-2023\/#primaryimage"},"image":{"@id":"https:\/\/www.kjt.lu\/fr\/rapport-annuel-2023\/#primaryimage"},"thumbnailUrl":"https:\/\/www.kjt.lu\/wp-content\/uploads\/2024\/08\/Annual-Report-2023-Flyer-Ausschnitt.jpg","datePublished":"2024-08-05T12:05:39+00:00","breadcrumb":{"@id":"https:\/\/www.kjt.lu\/fr\/rapport-annuel-2023\/#breadcrumb"},"inLanguage":"fr-FR","potentialAction":[{"@type":"ReadAction","target":["https:\/\/www.kjt.lu\/fr\/rapport-annuel-2023\/"]}]},{"@type":"ImageObject","inLanguage":"fr-FR","@id":"https:\/\/www.kjt.lu\/fr\/rapport-annuel-2023\/#primaryimage","url":"https:\/\/www.kjt.lu\/wp-content\/uploads\/2024\/08\/Annual-Report-2023-Flyer-Ausschnitt.jpg","contentUrl":"https:\/\/www.kjt.lu\/wp-content\/uploads\/2024\/08\/Annual-Report-2023-Flyer-Ausschnitt.jpg","width":444,"height":350},{"@type":"BreadcrumbList","@id":"https:\/\/www.kjt.lu\/fr\/rapport-annuel-2023\/#breadcrumb","itemListElement":[{"@type":"ListItem","position":1,"name":"Startseite","item":"https:\/\/www.kjt.lu\/fr\/"},{"@type":"ListItem","position":2,"name":"Rapport annuel 2023"}]},{"@type":"WebSite","@id":"https:\/\/www.kjt.lu\/fr\/#website","url":"https:\/\/www.kjt.lu\/fr\/","name":"KJT","description":"Beratung, Hilfe und Informationen f\u00fcr Kinder und Jugendliche","publisher":{"@id":"https:\/\/www.kjt.lu\/fr\/#organization"},"potentialAction":[{"@type":"SearchAction","target":{"@type":"EntryPoint","urlTemplate":"https:\/\/www.kjt.lu\/fr\/?s={search_term_string}"},"query-input":{"@type":"PropertyValueSpecification","valueRequired":true,"valueName":"search_term_string"}}],"inLanguage":"fr-FR"},{"@type":"Organization","@id":"https:\/\/www.kjt.lu\/fr\/#organization","name":"KJT","url":"https:\/\/www.kjt.lu\/fr\/","logo":{"@type":"ImageObject","inLanguage":"fr-FR","@id":"https:\/\/www.kjt.lu\/fr\/#\/schema\/logo\/image\/","url":"https:\/\/www.kjt.lu\/wp-content\/uploads\/2021\/01\/kjt_white_144x61.png","contentUrl":"https:\/\/www.kjt.lu\/wp-content\/uploads\/2021\/01\/kjt_white_144x61.png","width":143,"height":61,"caption":"KJT"},"image":{"@id":"https:\/\/www.kjt.lu\/fr\/#\/schema\/logo\/image\/"},"sameAs":["https:\/\/www.facebook.com\/kannerjugendtelefon","https:\/\/www.instagram.com\/kannerjugendtelefon\/"]},{"@type":"Person","@id":"https:\/\/www.kjt.lu\/fr\/#\/schema\/person\/373f9194906a96464ebb2b3865e09066","name":"Margit Wypchol","url":"https:\/\/www.kjt.lu\/fr\/author\/mwypchol\/"}]}},"_links":{"self":[{"href":"https:\/\/www.kjt.lu\/fr\/wp-json\/wp\/v2\/posts\/15072"}],"collection":[{"href":"https:\/\/www.kjt.lu\/fr\/wp-json\/wp\/v2\/posts"}],"about":[{"href":"https:\/\/www.kjt.lu\/fr\/wp-json\/wp\/v2\/types\/post"}],"author":[{"embeddable":true,"href":"https:\/\/www.kjt.lu\/fr\/wp-json\/wp\/v2\/users\/3"}],"replies":[{"embeddable":true,"href":"https:\/\/www.kjt.lu\/fr\/wp-json\/wp\/v2\/comments?post=15072"}],"version-history":[{"count":1,"href":"https:\/\/www.kjt.lu\/fr\/wp-json\/wp\/v2\/posts\/15072\/revisions"}],"predecessor-version":[{"id":15077,"href":"https:\/\/www.kjt.lu\/fr\/wp-json\/wp\/v2\/posts\/15072\/revisions\/15077"}],"wp:featuredmedia":[{"embeddable":true,"href":"https:\/\/www.kjt.lu\/fr\/wp-json\/wp\/v2\/media\/15074"}],"wp:attachment":[{"href":"https:\/\/www.kjt.lu\/fr\/wp-json\/wp\/v2\/media?parent=15072"}],"wp:term":[{"taxonomy":"category","embeddable":true,"href":"https:\/\/www.kjt.lu\/fr\/wp-json\/wp\/v2\/categories?post=15072"},{"taxonomy":"post_tag","embeddable":true,"href":"https:\/\/www.kjt.lu\/fr\/wp-json\/wp\/v2\/tags?post=15072"}],"curies":[{"name":"wp","href":"https:\/\/api.w.org\/{rel}","templated":true}]}}