{"id":3732,"date":"2021-05-06T12:36:55","date_gmt":"2021-05-06T10:36:55","guid":{"rendered":"https:\/\/new.kjt.lu\/?p=3732"},"modified":"2023-04-26T15:31:55","modified_gmt":"2023-04-26T13:31:55","slug":"jahresbericht-2020","status":"publish","type":"post","link":"https:\/\/www.kjt.lu\/de\/jahresbericht-2020\/","title":{"rendered":"Jahresbericht"},"content":{"rendered":"<p>Wir freuen uns sehr unseren <strong>Jahresbericht 2020<\/strong> vorzustellen.<\/p>\n<p>Er gibt einen Einblick in die Situation von Kindern und Jugendlichen in Luxemburg, die beim KJT (Kanner-Jugendtelefon) Hilfe suchen.<\/p>\n<p>Seit M\u00e4rz 2020 nimmt die Corona Pandemie Einfluss auf die Lebenssituation von Kindern, Jugendlichen und Familien und nat\u00fcrlich auch auf das KJT. Die Fakten verweisen darauf, dass Kinder und Jugendliche sich zunehmend gestresst erleben, ihr psychisches Wohlbefinden mit dem Andauern der Pandemie erheblich beeinflusst ist.<\/p>\n<p>Der Jahresbericht zeigt, dass es 2020 im Leben von Kindern und Jugendlichen zahlreiche Stressfaktoren gibt, die zunehmend zu Krisensituationen f\u00fchren, in denen Orientierung und auch fachliche Hilfe notwendig sind. Hier sind wir als wichtiges Bindeglied im unerm\u00fcdlichen Einsatz, die Bindung mit jungen, krisengesch\u00fcttelten Menschen zu halten. Oftmals haben wir konkrete Hilfestellungen mit ihnen erarbeiten k\u00f6nnen.<\/p>\n<p>Zahlen und Fakten zu diesen Faktoren, den Themen, die die Kinder und Jugendliche besch\u00e4ftigt haben sowie Krisensituationen, die sie meistern mussten, k\u00f6nnen in unserem Jahresbericht 2020 nachgelesen werden, entweder online (<a href=\"https:\/\/www.kjt.lu\/wp-content\/uploads\/2021\/05\/KJT-Annual-Report-2020-final.pdf\" target=\"_blank\" rel=\"noopener\">PDF Download<\/a>) oder in Printform (Bestellung <a href=\"https:\/\/www.kjt.lu\/kontakt\/\">hier<\/a>).<\/p>\n<p>Wir w\u00fcnschen ihnen viel Spa\u00df beim Lesen und danken Ihnen f\u00fcr ihre Unterst\u00fctzung und Zusammenarbeit.<\/p>\n<p>Haben Sie die M\u00f6glichkeit, Kinder und Jugendliche zu unterst\u00fctzen indem Sie Ihnen die Dienste des KJT n\u00e4herbringen? Wenn ja, freuen sich unsere Botschafter, wenn sie eingeladen werden und den Kindern das KJT vorstellen d\u00fcrfen.<\/p>\n<p>Bitte nutzen Sie hierzu dieses\u00a0<a href=\"https:\/\/www.kjt.lu\/kontakt\/\">Kontaktformular<\/a>.<\/p>\n","protected":false},"excerpt":{"rendered":"<p>Wir freuen uns sehr unseren Jahresbericht 2020 vorzustellen. Er gibt einen Einblick in die Situation von Kindern und Jugendlichen in&hellip;<\/p>\n","protected":false},"author":7,"featured_media":3734,"comment_status":"closed","ping_status":"closed","sticky":false,"template":"","format":"standard","meta":{"footnotes":""},"categories":[21],"tags":[188,191,190,192,182,187,194,193,195,158,196,189],"class_list":["post-3732","post","type-post","status-publish","format-standard","has-post-thumbnail","hentry","category-news","tag-188","tag-druck","tag-fakten","tag-glueck","tag-hilfe","tag-jahresbericht","tag-jugendliche","tag-kinder","tag-krise","tag-stress","tag-unterstuetzung","tag-zahlen"],"yoast_head":"<!-- This site is optimized with the Yoast SEO plugin v25.4 - https:\/\/yoast.com\/wordpress\/plugins\/seo\/ -->\n<title>Jahresbericht | KJT<\/title>\n<meta name=\"description\" content=\"Der Jahresbericht 2020 gibt einen Einblick in die Situation von Kindern und Jugendlichen in Luxemburg, die beim KJT (Kanner-Jugendtelefon) Hilfe suchen.\" \/>\n<meta name=\"robots\" content=\"index, follow, max-snippet:-1, max-image-preview:large, max-video-preview:-1\" \/>\n<link rel=\"canonical\" href=\"https:\/\/www.kjt.lu\/de\/jahresbericht-2020\/\" \/>\n<meta property=\"og:locale\" content=\"de_DE\" \/>\n<meta property=\"og:type\" content=\"article\" \/>\n<meta property=\"og:title\" content=\"Jahresbericht | KJT\" \/>\n<meta property=\"og:description\" content=\"Der Jahresbericht 2020 gibt einen Einblick in die Situation von Kindern und Jugendlichen in Luxemburg, die beim KJT (Kanner-Jugendtelefon) Hilfe suchen.\" \/>\n<meta property=\"og:url\" content=\"https:\/\/www.kjt.lu\/de\/jahresbericht-2020\/\" \/>\n<meta property=\"og:site_name\" content=\"KJT\" \/>\n<meta property=\"article:publisher\" content=\"https:\/\/www.facebook.com\/kannerjugendtelefon\" \/>\n<meta property=\"article:published_time\" content=\"2021-05-06T10:36:55+00:00\" \/>\n<meta property=\"article:modified_time\" content=\"2023-04-26T13:31:55+00:00\" \/>\n<meta property=\"og:image\" content=\"https:\/\/www.kjt.lu\/wp-content\/uploads\/2021\/05\/Jahresbericht2020.png\" \/>\n\t<meta property=\"og:image:width\" content=\"631\" \/>\n\t<meta property=\"og:image:height\" content=\"838\" \/>\n\t<meta property=\"og:image:type\" content=\"image\/png\" \/>\n<meta name=\"author\" content=\"Sally Stephany\" \/>\n<meta name=\"twitter:card\" content=\"summary_large_image\" \/>\n<meta name=\"twitter:label1\" content=\"Verfasst von\" \/>\n\t<meta name=\"twitter:data1\" content=\"Sally Stephany\" \/>\n\t<meta name=\"twitter:label2\" content=\"Gesch\u00e4tzte Lesezeit\" \/>\n\t<meta name=\"twitter:data2\" content=\"2\u00a0Minuten\" \/>\n<script type=\"application\/ld+json\" class=\"yoast-schema-graph\">{\"@context\":\"https:\/\/schema.org\",\"@graph\":[{\"@type\":\"Article\",\"@id\":\"https:\/\/www.kjt.lu\/de\/jahresbericht-2020\/#article\",\"isPartOf\":{\"@id\":\"https:\/\/www.kjt.lu\/de\/jahresbericht-2020\/\"},\"author\":{\"name\":\"Sally Stephany\",\"@id\":\"https:\/\/www.kjt.lu\/de\/#\/schema\/person\/5deb0a77f94446bfea40665b95c145e0\"},\"headline\":\"Jahresbericht\",\"datePublished\":\"2021-05-06T10:36:55+00:00\",\"dateModified\":\"2023-04-26T13:31:55+00:00\",\"mainEntityOfPage\":{\"@id\":\"https:\/\/www.kjt.lu\/de\/jahresbericht-2020\/\"},\"wordCount\":231,\"publisher\":{\"@id\":\"https:\/\/www.kjt.lu\/de\/#organization\"},\"image\":{\"@id\":\"https:\/\/www.kjt.lu\/de\/jahresbericht-2020\/#primaryimage\"},\"thumbnailUrl\":\"https:\/\/www.kjt.lu\/wp-content\/uploads\/2021\/05\/Jahresbericht2020.png\",\"keywords\":[\"2020\",\"Druck\",\"Fakten\",\"Gl\u00fcck\",\"Hilfe\",\"Jahresbericht\",\"Jugendliche\",\"Kinder\",\"Krise\",\"Stress\",\"Unterst\u00fctzung\",\"Zahlen\"],\"articleSection\":[\"News\"],\"inLanguage\":\"de\"},{\"@type\":\"WebPage\",\"@id\":\"https:\/\/www.kjt.lu\/de\/jahresbericht-2020\/\",\"url\":\"https:\/\/www.kjt.lu\/de\/jahresbericht-2020\/\",\"name\":\"Jahresbericht | KJT\",\"isPartOf\":{\"@id\":\"https:\/\/www.kjt.lu\/de\/#website\"},\"primaryImageOfPage\":{\"@id\":\"https:\/\/www.kjt.lu\/de\/jahresbericht-2020\/#primaryimage\"},\"image\":{\"@id\":\"https:\/\/www.kjt.lu\/de\/jahresbericht-2020\/#primaryimage\"},\"thumbnailUrl\":\"https:\/\/www.kjt.lu\/wp-content\/uploads\/2021\/05\/Jahresbericht2020.png\",\"datePublished\":\"2021-05-06T10:36:55+00:00\",\"dateModified\":\"2023-04-26T13:31:55+00:00\",\"description\":\"Der Jahresbericht 2020 gibt einen Einblick in die Situation von Kindern und Jugendlichen in Luxemburg, die beim KJT (Kanner-Jugendtelefon) Hilfe suchen.\",\"breadcrumb\":{\"@id\":\"https:\/\/www.kjt.lu\/de\/jahresbericht-2020\/#breadcrumb\"},\"inLanguage\":\"de\",\"potentialAction\":[{\"@type\":\"ReadAction\",\"target\":[\"https:\/\/www.kjt.lu\/de\/jahresbericht-2020\/\"]}]},{\"@type\":\"ImageObject\",\"inLanguage\":\"de\",\"@id\":\"https:\/\/www.kjt.lu\/de\/jahresbericht-2020\/#primaryimage\",\"url\":\"https:\/\/www.kjt.lu\/wp-content\/uploads\/2021\/05\/Jahresbericht2020.png\",\"contentUrl\":\"https:\/\/www.kjt.lu\/wp-content\/uploads\/2021\/05\/Jahresbericht2020.png\",\"width\":631,\"height\":838},{\"@type\":\"BreadcrumbList\",\"@id\":\"https:\/\/www.kjt.lu\/de\/jahresbericht-2020\/#breadcrumb\",\"itemListElement\":[{\"@type\":\"ListItem\",\"position\":1,\"name\":\"Startseite\",\"item\":\"https:\/\/www.kjt.lu\/de\/\"},{\"@type\":\"ListItem\",\"position\":2,\"name\":\"Jahresbericht\"}]},{\"@type\":\"WebSite\",\"@id\":\"https:\/\/www.kjt.lu\/de\/#website\",\"url\":\"https:\/\/www.kjt.lu\/de\/\",\"name\":\"KJT\",\"description\":\"Beratung, Hilfe und Informationen f\u00fcr Kinder und Jugendliche\",\"publisher\":{\"@id\":\"https:\/\/www.kjt.lu\/de\/#organization\"},\"potentialAction\":[{\"@type\":\"SearchAction\",\"target\":{\"@type\":\"EntryPoint\",\"urlTemplate\":\"https:\/\/www.kjt.lu\/de\/?s={search_term_string}\"},\"query-input\":{\"@type\":\"PropertyValueSpecification\",\"valueRequired\":true,\"valueName\":\"search_term_string\"}}],\"inLanguage\":\"de\"},{\"@type\":\"Organization\",\"@id\":\"https:\/\/www.kjt.lu\/de\/#organization\",\"name\":\"KJT\",\"url\":\"https:\/\/www.kjt.lu\/de\/\",\"logo\":{\"@type\":\"ImageObject\",\"inLanguage\":\"de\",\"@id\":\"https:\/\/www.kjt.lu\/de\/#\/schema\/logo\/image\/\",\"url\":\"https:\/\/www.kjt.lu\/wp-content\/uploads\/2021\/01\/kjt_white_144x61.png\",\"contentUrl\":\"https:\/\/www.kjt.lu\/wp-content\/uploads\/2021\/01\/kjt_white_144x61.png\",\"width\":143,\"height\":61,\"caption\":\"KJT\"},\"image\":{\"@id\":\"https:\/\/www.kjt.lu\/de\/#\/schema\/logo\/image\/\"},\"sameAs\":[\"https:\/\/www.facebook.com\/kannerjugendtelefon\",\"https:\/\/www.instagram.com\/kannerjugendtelefon\/\"]},{\"@type\":\"Person\",\"@id\":\"https:\/\/www.kjt.lu\/de\/#\/schema\/person\/5deb0a77f94446bfea40665b95c145e0\",\"name\":\"Sally Stephany\",\"url\":\"https:\/\/www.kjt.lu\/de\/author\/sstephany\/\"}]}<\/script>\n<!-- \/ Yoast SEO plugin. -->","yoast_head_json":{"title":"Jahresbericht | KJT","description":"Der Jahresbericht 2020 gibt einen Einblick in die Situation von Kindern und Jugendlichen in Luxemburg, die beim KJT (Kanner-Jugendtelefon) Hilfe suchen.","robots":{"index":"index","follow":"follow","max-snippet":"max-snippet:-1","max-image-preview":"max-image-preview:large","max-video-preview":"max-video-preview:-1"},"canonical":"https:\/\/www.kjt.lu\/de\/jahresbericht-2020\/","og_locale":"de_DE","og_type":"article","og_title":"Jahresbericht | KJT","og_description":"Der Jahresbericht 2020 gibt einen Einblick in die Situation von Kindern und Jugendlichen in Luxemburg, die beim KJT (Kanner-Jugendtelefon) Hilfe suchen.","og_url":"https:\/\/www.kjt.lu\/de\/jahresbericht-2020\/","og_site_name":"KJT","article_publisher":"https:\/\/www.facebook.com\/kannerjugendtelefon","article_published_time":"2021-05-06T10:36:55+00:00","article_modified_time":"2023-04-26T13:31:55+00:00","og_image":[{"width":631,"height":838,"url":"https:\/\/www.kjt.lu\/wp-content\/uploads\/2021\/05\/Jahresbericht2020.png","type":"image\/png"}],"author":"Sally Stephany","twitter_card":"summary_large_image","twitter_misc":{"Verfasst von":"Sally Stephany","Gesch\u00e4tzte Lesezeit":"2\u00a0Minuten"},"schema":{"@context":"https:\/\/schema.org","@graph":[{"@type":"Article","@id":"https:\/\/www.kjt.lu\/de\/jahresbericht-2020\/#article","isPartOf":{"@id":"https:\/\/www.kjt.lu\/de\/jahresbericht-2020\/"},"author":{"name":"Sally Stephany","@id":"https:\/\/www.kjt.lu\/de\/#\/schema\/person\/5deb0a77f94446bfea40665b95c145e0"},"headline":"Jahresbericht","datePublished":"2021-05-06T10:36:55+00:00","dateModified":"2023-04-26T13:31:55+00:00","mainEntityOfPage":{"@id":"https:\/\/www.kjt.lu\/de\/jahresbericht-2020\/"},"wordCount":231,"publisher":{"@id":"https:\/\/www.kjt.lu\/de\/#organization"},"image":{"@id":"https:\/\/www.kjt.lu\/de\/jahresbericht-2020\/#primaryimage"},"thumbnailUrl":"https:\/\/www.kjt.lu\/wp-content\/uploads\/2021\/05\/Jahresbericht2020.png","keywords":["2020","Druck","Fakten","Gl\u00fcck","Hilfe","Jahresbericht","Jugendliche","Kinder","Krise","Stress","Unterst\u00fctzung","Zahlen"],"articleSection":["News"],"inLanguage":"de"},{"@type":"WebPage","@id":"https:\/\/www.kjt.lu\/de\/jahresbericht-2020\/","url":"https:\/\/www.kjt.lu\/de\/jahresbericht-2020\/","name":"Jahresbericht | KJT","isPartOf":{"@id":"https:\/\/www.kjt.lu\/de\/#website"},"primaryImageOfPage":{"@id":"https:\/\/www.kjt.lu\/de\/jahresbericht-2020\/#primaryimage"},"image":{"@id":"https:\/\/www.kjt.lu\/de\/jahresbericht-2020\/#primaryimage"},"thumbnailUrl":"https:\/\/www.kjt.lu\/wp-content\/uploads\/2021\/05\/Jahresbericht2020.png","datePublished":"2021-05-06T10:36:55+00:00","dateModified":"2023-04-26T13:31:55+00:00","description":"Der Jahresbericht 2020 gibt einen Einblick in die Situation von Kindern und Jugendlichen in Luxemburg, die beim KJT (Kanner-Jugendtelefon) Hilfe suchen.","breadcrumb":{"@id":"https:\/\/www.kjt.lu\/de\/jahresbericht-2020\/#breadcrumb"},"inLanguage":"de","potentialAction":[{"@type":"ReadAction","target":["https:\/\/www.kjt.lu\/de\/jahresbericht-2020\/"]}]},{"@type":"ImageObject","inLanguage":"de","@id":"https:\/\/www.kjt.lu\/de\/jahresbericht-2020\/#primaryimage","url":"https:\/\/www.kjt.lu\/wp-content\/uploads\/2021\/05\/Jahresbericht2020.png","contentUrl":"https:\/\/www.kjt.lu\/wp-content\/uploads\/2021\/05\/Jahresbericht2020.png","width":631,"height":838},{"@type":"BreadcrumbList","@id":"https:\/\/www.kjt.lu\/de\/jahresbericht-2020\/#breadcrumb","itemListElement":[{"@type":"ListItem","position":1,"name":"Startseite","item":"https:\/\/www.kjt.lu\/de\/"},{"@type":"ListItem","position":2,"name":"Jahresbericht"}]},{"@type":"WebSite","@id":"https:\/\/www.kjt.lu\/de\/#website","url":"https:\/\/www.kjt.lu\/de\/","name":"KJT","description":"Beratung, Hilfe und Informationen f\u00fcr Kinder und Jugendliche","publisher":{"@id":"https:\/\/www.kjt.lu\/de\/#organization"},"potentialAction":[{"@type":"SearchAction","target":{"@type":"EntryPoint","urlTemplate":"https:\/\/www.kjt.lu\/de\/?s={search_term_string}"},"query-input":{"@type":"PropertyValueSpecification","valueRequired":true,"valueName":"search_term_string"}}],"inLanguage":"de"},{"@type":"Organization","@id":"https:\/\/www.kjt.lu\/de\/#organization","name":"KJT","url":"https:\/\/www.kjt.lu\/de\/","logo":{"@type":"ImageObject","inLanguage":"de","@id":"https:\/\/www.kjt.lu\/de\/#\/schema\/logo\/image\/","url":"https:\/\/www.kjt.lu\/wp-content\/uploads\/2021\/01\/kjt_white_144x61.png","contentUrl":"https:\/\/www.kjt.lu\/wp-content\/uploads\/2021\/01\/kjt_white_144x61.png","width":143,"height":61,"caption":"KJT"},"image":{"@id":"https:\/\/www.kjt.lu\/de\/#\/schema\/logo\/image\/"},"sameAs":["https:\/\/www.facebook.com\/kannerjugendtelefon","https:\/\/www.instagram.com\/kannerjugendtelefon\/"]},{"@type":"Person","@id":"https:\/\/www.kjt.lu\/de\/#\/schema\/person\/5deb0a77f94446bfea40665b95c145e0","name":"Sally Stephany","url":"https:\/\/www.kjt.lu\/de\/author\/sstephany\/"}]}},"_links":{"self":[{"href":"https:\/\/www.kjt.lu\/de\/wp-json\/wp\/v2\/posts\/3732"}],"collection":[{"href":"https:\/\/www.kjt.lu\/de\/wp-json\/wp\/v2\/posts"}],"about":[{"href":"https:\/\/www.kjt.lu\/de\/wp-json\/wp\/v2\/types\/post"}],"author":[{"embeddable":true,"href":"https:\/\/www.kjt.lu\/de\/wp-json\/wp\/v2\/users\/7"}],"replies":[{"embeddable":true,"href":"https:\/\/www.kjt.lu\/de\/wp-json\/wp\/v2\/comments?post=3732"}],"version-history":[{"count":5,"href":"https:\/\/www.kjt.lu\/de\/wp-json\/wp\/v2\/posts\/3732\/revisions"}],"predecessor-version":[{"id":13881,"href":"https:\/\/www.kjt.lu\/de\/wp-json\/wp\/v2\/posts\/3732\/revisions\/13881"}],"wp:featuredmedia":[{"embeddable":true,"href":"https:\/\/www.kjt.lu\/de\/wp-json\/wp\/v2\/media\/3734"}],"wp:attachment":[{"href":"https:\/\/www.kjt.lu\/de\/wp-json\/wp\/v2\/media?parent=3732"}],"wp:term":[{"taxonomy":"category","embeddable":true,"href":"https:\/\/www.kjt.lu\/de\/wp-json\/wp\/v2\/categories?post=3732"},{"taxonomy":"post_tag","embeddable":true,"href":"https:\/\/www.kjt.lu\/de\/wp-json\/wp\/v2\/tags?post=3732"}],"curies":[{"name":"wp","href":"https:\/\/api.w.org\/{rel}","templated":true}]}}